{"id":1027,"date":"2021-10-04T17:09:18","date_gmt":"2021-10-04T17:09:18","guid":{"rendered":"https:\/\/cecip.org.br\/narrativasdepaz\/?p=1027"},"modified":"2023-06-22T01:19:44","modified_gmt":"2023-06-22T01:19:44","slug":"podcast-narrativas-04","status":"publish","type":"post","link":"https:\/\/cecip.org.br\/narrativasdepaz\/2021\/10\/04\/podcast-narrativas-04\/","title":{"rendered":"Podcast Narrativas"},"content":{"rendered":"<p>[vc_row][vc_column width=&#8221;1\/2&#8243;][vc_custom_heading text_font=&#8221;font-555555&#8243; text_size=&#8221;h3&#8243; text_color=&#8221;accent&#8221;]Homenagem aos Agentes Comunit\u00e1rios de Sa\u00fade[\/vc_custom_heading][vc_custom_heading text_font=&#8221;font-555555&#8243; text_size=&#8221;h4&#8243; text_color=&#8221;accent&#8221; sub_lead=&#8221;yes&#8221;]<\/p>\n<h5 class=\"p1\"><strong>Comemorando o Dia Nacional do Agente de Sa\u00fade!<\/strong><\/h5>\n<p>[\/vc_custom_heading][vc_column_text text_lead=&#8221;yes&#8221;]Em homenagem ao\u00a0<strong>Dia Nacional dos Agentes de Sa\u00fade<\/strong>, comemorado no dia 4 de outubro, compartilhamos nesta edi\u00e7\u00e3o especial do <strong>Podcast Narrativas de Paz<\/strong>\u00a0as falas de usu\u00e1rios do Centro Municipal de Sa\u00fade Ernani Agr\u00edcola sobre o atendimento e a import\u00e2ncia do grupo de Agentes Comunit\u00e1rios de Sa\u00fade no bairro de Santa Teresa.<\/p>\n<p>Esta homenagem conta com a participa\u00e7\u00e3o de <strong>Ruani<\/strong> educadora de institui\u00e7\u00f5es de\u00a0<strong><a href=\"https:\/\/cecip.org.br\/narrativasdepaz\/educacao-infantil\/\">educa\u00e7\u00e3o infantil<\/a><\/strong>\u00a0em Santa Teresa, de <strong>Mariana<\/strong> que \u00e9 m\u00e3e participante do grupo\u00a0<strong><a href=\"https:\/\/cecip.org.br\/narrativasdepaz\/maesdesanta\/\">M\u00e3es de Santa<\/a><\/strong>,\u00a0e <strong>Ed Cura<\/strong>, artista visual morador da comunidade do Fallet.<\/p>\n<p>Parab\u00e9ns a este grupo de profissionais com quem temos a honra de trabalhar t\u00e3o de perto!<\/p>\n<p>Fique \u00e0 vontade para ouvir e compartilhar, basta clicar no link abaixo para ouvir\u00a0<em>on-line<\/em>.<\/p>\n<p>Cr\u00e9ditos:<br \/>\nEntrevistas &#8211; Fl\u00e1via Fassi Samel<br \/>\nApresenta\u00e7\u00e3o\u00a0 &#8211; Soraia Melo<br \/>\nCria\u00e7\u00e3o e montagem &#8211; Tatiana Martins[\/vc_column_text][vc_button button_color=&#8221;accent&#8221; border_width=&#8221;0&#8243; link=&#8221;url:https%3A%2F%2Fdrive.google.com%2Ffile%2Fd%2F1cvbmfOsk-ZAIKgPXF11Ml4ZFpQoqxe2G%2Fview%3Fusp%3Dsharing|title:%C3%89%20s%C3%B3%20clicar%20aqui%20para%20ouvir%20on-line|target:_blank&#8221;]\u00c9 s\u00f3 clicar aqui para ouvir on-line[\/vc_button][\/vc_column][vc_column width=&#8221;1\/2&#8243;][vc_single_image media=&#8221;1019&#8243; media_width_percent=&#8221;70&#8243; alignment=&#8221;center&#8221;][\/vc_column][\/vc_row][vc_row][vc_column column_width_percent=&#8221;100&#8243; align_horizontal=&#8221;align_right&#8221; gutter_size=&#8221;3&#8243; overlay_alpha=&#8221;50&#8243; shift_x=&#8221;0&#8243; shift_y=&#8221;0&#8243; shift_y_down=&#8221;0&#8243; z_index=&#8221;0&#8243; medium_width=&#8221;0&#8243; mobile_width=&#8221;0&#8243; width=&#8221;1\/1&#8243;][vc_button button_color=&#8221;color-532360&#8243; border_width=&#8221;0&#8243; link=&#8221;url:https%3A%2F%2Fcecip.org.br%2Fnarrativasdepaz%2F2021%2F05%2F27%2Fpodcast-narrativas-03%2F&#8221;]Pr\u00f3ximo podcast[\/vc_button][\/vc_column][\/vc_row]<\/p>\n","protected":false},"excerpt":{"rendered":"<p>[vc_row][vc_column width=&#8221;1\/2&#8243;][vc_custom_heading text_font=&#8221;font-555555&#8243; text_size=&#8221;h3&#8243; text_color=&#8221;accent&#8221;]Homenagem aos Agentes Comunit\u00e1rios de Sa\u00fade[\/vc_custom_heading][vc_custom_heading text_font=&#8221;font-555555&#8243; text_size=&#8221;h4&#8243; text_color=&#8221;accent&#8221; sub_lead=&#8221;yes&#8221;] Comemorando o Dia Nacional do Agente [&hellip;]<\/p>\n","protected":false},"author":1,"featured_media":1029,"comment_status":"closed","ping_status":"closed","sticky":false,"template":"","format":"standard","meta":[],"categories":[1,13],"tags":[],"_links":{"self":[{"href":"https:\/\/cecip.org.br\/narrativasdepaz\/wp-json\/wp\/v2\/posts\/1027"}],"collection":[{"href":"https:\/\/cecip.org.br\/narrativasdepaz\/wp-json\/wp\/v2\/posts"}],"about":[{"href":"https:\/\/cecip.org.br\/narrativasdepaz\/wp-json\/wp\/v2\/types\/post"}],"author":[{"embeddable":true,"href":"https:\/\/cecip.org.br\/narrativasdepaz\/wp-json\/wp\/v2\/users\/1"}],"replies":[{"embeddable":true,"href":"https:\/\/cecip.org.br\/narrativasdepaz\/wp-json\/wp\/v2\/comments?post=1027"}],"version-history":[{"count":8,"href":"https:\/\/cecip.org.br\/narrativasdepaz\/wp-json\/wp\/v2\/posts\/1027\/revisions"}],"predecessor-version":[{"id":1499,"href":"https:\/\/cecip.org.br\/narrativasdepaz\/wp-json\/wp\/v2\/posts\/1027\/revisions\/1499"}],"wp:featuredmedia":[{"embeddable":true,"href":"https:\/\/cecip.org.br\/narrativasdepaz\/wp-json\/wp\/v2\/media\/1029"}],"wp:attachment":[{"href":"https:\/\/cecip.org.br\/narrativasdepaz\/wp-json\/wp\/v2\/media?parent=1027"}],"wp:term":[{"taxonomy":"category","embeddable":true,"href":"https:\/\/cecip.org.br\/narrativasdepaz\/wp-json\/wp\/v2\/categories?post=1027"},{"taxonomy":"post_tag","embeddable":true,"href":"https:\/\/cecip.org.br\/narrativasdepaz\/wp-json\/wp\/v2\/tags?post=1027"}],"curies":[{"name":"wp","href":"https:\/\/api.w.org\/{rel}","templated":true}]}}