{"id":1040,"date":"2021-10-04T14:36:42","date_gmt":"2021-10-04T14:36:42","guid":{"rendered":"https:\/\/cecip.org.br\/narrativasdepaz\/?p=1040"},"modified":"2022-04-19T00:34:57","modified_gmt":"2022-04-19T00:34:57","slug":"homenagem-no-dia-do-acs","status":"publish","type":"post","link":"https:\/\/cecip.org.br\/narrativasdepaz\/2021\/10\/04\/homenagem-no-dia-do-acs\/","title":{"rendered":"Homenagem no Dia do ACS"},"content":{"rendered":"<p>[vc_row][vc_column column_width_percent=&#8221;100&#8243; gutter_size=&#8221;3&#8243; overlay_alpha=&#8221;50&#8243; shift_x=&#8221;0&#8243; shift_y=&#8221;0&#8243; shift_y_down=&#8221;0&#8243; z_index=&#8221;0&#8243; medium_width=&#8221;0&#8243; mobile_width=&#8221;0&#8243; width=&#8221;1\/1&#8243;][vc_single_image media=&#8221;1047&#8243; media_width_percent=&#8221;65&#8243;][vc_column_text text_lead=&#8221;yes&#8221;]<\/p>\n<div dir=\"auto\">\n<div dir=\"auto\">Todo 4 de outubro \u00e9 dia de celebrar os <strong>Agentes Comunit\u00e1rios de Sa\u00fade<\/strong>.<br \/>\nNesse ano os ACS do posto de sa\u00fade de Santa Teresa, o CMSEA, foram homenageados com uma festa muito gostosa! Comes e bebes, bolo decorado, e camisetas com todos eles representados nos dedoches produzidos nas oficinas do Narrativas.<\/div>\n<div dir=\"auto\">Tamb\u00e9m teve <strong>podcast de homenagem<\/strong> que pode ser acessado na <a href=\"https:\/\/cecip.org.br\/narrativasdepaz\/acs\/\"><span style=\"text-decoration: underline; color: #ff6600;\"><span style=\"text-decoration: underline;\"><strong>p\u00e1gina dos ACS, no site Narraticas de Paz<\/strong><\/span><\/span>.<\/a><br \/>\nFoi um momento para retribuirmos o carinho desses profissionais que atuam nos territ\u00f3rios e lembrarmos da grandeza do nosso Sistema \u00danico de Sa\u00fade, o SUS.<br \/>\nUm viva aos Agentes Comunit\u00e1rios de Sa\u00fade, criadores de Narrativas de Paz junto com as crian\u00e7as por um mundo melhor!<\/div>\n<\/div>\n<p>[\/vc_column_text][vc_button button_color=&#8221;color-208561&#8243; border_width=&#8221;0&#8243; link=&#8221;url:https%3A%2F%2Fdrive.google.com%2Ffile%2Fd%2F1cvbmfOsk-ZAIKgPXF11Ml4ZFpQoqxe2G%2Fview|target:_blank&#8221;]Clique aqui para ouvir o podcast em homenagem aos ACS[\/vc_button][\/vc_column][\/vc_row][vc_row][vc_column column_width_percent=&#8221;100&#8243; align_horizontal=&#8221;align_right&#8221; gutter_size=&#8221;3&#8243; overlay_alpha=&#8221;50&#8243; shift_x=&#8221;0&#8243; shift_y=&#8221;0&#8243; shift_y_down=&#8221;0&#8243; z_index=&#8221;0&#8243; medium_width=&#8221;0&#8243; mobile_width=&#8221;0&#8243; width=&#8221;1\/1&#8243;][vc_button button_color=&#8221;color-532360&#8243; border_width=&#8221;0&#8243; link=&#8221;url:https%3A%2F%2Fcecip.org.br%2Fnarrativasdepaz%2F2021%2F08%2F20%2Fmudando-as-narrativas-da-pandemia%2F|title:Mudando%20as%20narrativas%20da%20pandemia&#8221;]Pr\u00f3xima not\u00edcia[\/vc_button][\/vc_column][\/vc_row][vc_row][vc_column width=&#8221;1\/1&#8243;][\/vc_column][\/vc_row]<\/p>\n","protected":false},"excerpt":{"rendered":"<p>[vc_row][vc_column column_width_percent=&#8221;100&#8243; gutter_size=&#8221;3&#8243; overlay_alpha=&#8221;50&#8243; shift_x=&#8221;0&#8243; shift_y=&#8221;0&#8243; shift_y_down=&#8221;0&#8243; z_index=&#8221;0&#8243; medium_width=&#8221;0&#8243; mobile_width=&#8221;0&#8243; width=&#8221;1\/1&#8243;][vc_single_image media=&#8221;1047&#8243; media_width_percent=&#8221;65&#8243;][vc_column_text text_lead=&#8221;yes&#8221;] Todo 4 de outubro \u00e9 dia [&hellip;]<\/p>\n","protected":false},"author":1,"featured_media":1047,"comment_status":"closed","ping_status":"closed","sticky":false,"template":"","format":"standard","meta":[],"categories":[2],"tags":[],"_links":{"self":[{"href":"https:\/\/cecip.org.br\/narrativasdepaz\/wp-json\/wp\/v2\/posts\/1040"}],"collection":[{"href":"https:\/\/cecip.org.br\/narrativasdepaz\/wp-json\/wp\/v2\/posts"}],"about":[{"href":"https:\/\/cecip.org.br\/narrativasdepaz\/wp-json\/wp\/v2\/types\/post"}],"author":[{"embeddable":true,"href":"https:\/\/cecip.org.br\/narrativasdepaz\/wp-json\/wp\/v2\/users\/1"}],"replies":[{"embeddable":true,"href":"https:\/\/cecip.org.br\/narrativasdepaz\/wp-json\/wp\/v2\/comments?post=1040"}],"version-history":[{"count":13,"href":"https:\/\/cecip.org.br\/narrativasdepaz\/wp-json\/wp\/v2\/posts\/1040\/revisions"}],"predecessor-version":[{"id":1265,"href":"https:\/\/cecip.org.br\/narrativasdepaz\/wp-json\/wp\/v2\/posts\/1040\/revisions\/1265"}],"wp:featuredmedia":[{"embeddable":true,"href":"https:\/\/cecip.org.br\/narrativasdepaz\/wp-json\/wp\/v2\/media\/1047"}],"wp:attachment":[{"href":"https:\/\/cecip.org.br\/narrativasdepaz\/wp-json\/wp\/v2\/media?parent=1040"}],"wp:term":[{"taxonomy":"category","embeddable":true,"href":"https:\/\/cecip.org.br\/narrativasdepaz\/wp-json\/wp\/v2\/categories?post=1040"},{"taxonomy":"post_tag","embeddable":true,"href":"https:\/\/cecip.org.br\/narrativasdepaz\/wp-json\/wp\/v2\/tags?post=1040"}],"curies":[{"name":"wp","href":"https:\/\/api.w.org\/{rel}","templated":true}]}}