{"id":1051,"date":"2021-10-15T14:12:38","date_gmt":"2021-10-15T14:12:38","guid":{"rendered":"https:\/\/cecip.org.br\/narrativasdepaz\/?p=1051"},"modified":"2022-04-19T00:33:48","modified_gmt":"2022-04-19T00:33:48","slug":"narrativas-de-paz-comemora-o-15-de-outubro-com-educadoras-de-creches","status":"publish","type":"post","link":"https:\/\/cecip.org.br\/narrativasdepaz\/2021\/10\/15\/narrativas-de-paz-comemora-o-15-de-outubro-com-educadoras-de-creches\/","title":{"rendered":"Narrativas de Paz comemora o 15 de outubro"},"content":{"rendered":"<p>[vc_row][vc_column column_width_percent=&#8221;100&#8243; gutter_size=&#8221;3&#8243; overlay_alpha=&#8221;50&#8243; shift_x=&#8221;0&#8243; shift_y=&#8221;0&#8243; shift_y_down=&#8221;0&#8243; z_index=&#8221;0&#8243; medium_width=&#8221;0&#8243; mobile_width=&#8221;0&#8243; width=&#8221;1\/1&#8243;][vc_single_image media=&#8221;1053&#8243; media_width_percent=&#8221;65&#8243;][vc_column_text text_lead=&#8221;yes&#8221;]<span style=\"font-weight: 400;\">Da sala de aula \u00e0 dire\u00e7\u00e3o, cozinha e limpeza. Aprendemos junto com educadoras e educadores que toda a equipe que atua na creche, que trabalha na escola \u00e9 fundamental para todo o processo de aprendizagem.<br \/>\n<\/span><span style=\"font-weight: 400;\">Em tempos de pandemia, nossos encontros com as\u00a0 institui\u00e7\u00f5es de educa\u00e7\u00e3o infantil de Santa Teresa, Creche e Pr\u00e9-Escola Cantinho Feliz e EDI Helo\u00edsa Marinho, ocorreram por meio das telas, com muita experimenta\u00e7\u00e3o, escuta e trocas, ainda que sem o abra\u00e7o presente que a gente costumava dar. Por isso criamos estrat\u00e9gias para nos aproximar, como enviar materiais para a produ\u00e7\u00e3o, textos, e apresenta\u00e7\u00f5es visuais. E como toda festa pede um bolo, dessa vez o recado veio com a imagem e as palavras do Mestre Paulo Freire: &#8220;A educa\u00e7\u00e3o n\u00e3o transforma o mundo, a educa\u00e7\u00e3o muda pessoas e as pessoas transformam o mundo&#8221;.<br \/>\n<\/span><span style=\"font-weight: 400;\">Parab\u00e9ns a todas as educadoras e educadores!<\/span>[\/vc_column_text][\/vc_column][\/vc_row][vc_row][vc_column column_width_percent=&#8221;100&#8243; align_horizontal=&#8221;align_right&#8221; gutter_size=&#8221;3&#8243; overlay_alpha=&#8221;50&#8243; shift_x=&#8221;0&#8243; shift_y=&#8221;0&#8243; shift_y_down=&#8221;0&#8243; z_index=&#8221;0&#8243; medium_width=&#8221;0&#8243; mobile_width=&#8221;0&#8243; width=&#8221;1\/1&#8243;][vc_button button_color=&#8221;color-532360&#8243; border_width=&#8221;0&#8243; link=&#8221;url:https%3A%2F%2Fcecip.org.br%2Fnarrativasdepaz%2F2021%2F10%2F04%2Fhomenagem-no-dia-do-acs%2F|title:Homenagem%20no%20Dia%20do%20ACS&#8221;]Pr\u00f3xima not\u00edcia[\/vc_button][\/vc_column][\/vc_row][vc_row][vc_column width=&#8221;1\/1&#8243;][\/vc_column][\/vc_row]<\/p>\n","protected":false},"excerpt":{"rendered":"<p>[vc_row][vc_column column_width_percent=&#8221;100&#8243; gutter_size=&#8221;3&#8243; overlay_alpha=&#8221;50&#8243; shift_x=&#8221;0&#8243; shift_y=&#8221;0&#8243; shift_y_down=&#8221;0&#8243; z_index=&#8221;0&#8243; medium_width=&#8221;0&#8243; mobile_width=&#8221;0&#8243; width=&#8221;1\/1&#8243;][vc_single_image media=&#8221;1053&#8243; media_width_percent=&#8221;65&#8243;][vc_column_text text_lead=&#8221;yes&#8221;]Da sala de aula \u00e0 dire\u00e7\u00e3o, cozinha [&hellip;]<\/p>\n","protected":false},"author":1,"featured_media":1053,"comment_status":"closed","ping_status":"closed","sticky":false,"template":"","format":"standard","meta":[],"categories":[2],"tags":[],"_links":{"self":[{"href":"https:\/\/cecip.org.br\/narrativasdepaz\/wp-json\/wp\/v2\/posts\/1051"}],"collection":[{"href":"https:\/\/cecip.org.br\/narrativasdepaz\/wp-json\/wp\/v2\/posts"}],"about":[{"href":"https:\/\/cecip.org.br\/narrativasdepaz\/wp-json\/wp\/v2\/types\/post"}],"author":[{"embeddable":true,"href":"https:\/\/cecip.org.br\/narrativasdepaz\/wp-json\/wp\/v2\/users\/1"}],"replies":[{"embeddable":true,"href":"https:\/\/cecip.org.br\/narrativasdepaz\/wp-json\/wp\/v2\/comments?post=1051"}],"version-history":[{"count":7,"href":"https:\/\/cecip.org.br\/narrativasdepaz\/wp-json\/wp\/v2\/posts\/1051\/revisions"}],"predecessor-version":[{"id":1264,"href":"https:\/\/cecip.org.br\/narrativasdepaz\/wp-json\/wp\/v2\/posts\/1051\/revisions\/1264"}],"wp:featuredmedia":[{"embeddable":true,"href":"https:\/\/cecip.org.br\/narrativasdepaz\/wp-json\/wp\/v2\/media\/1053"}],"wp:attachment":[{"href":"https:\/\/cecip.org.br\/narrativasdepaz\/wp-json\/wp\/v2\/media?parent=1051"}],"wp:term":[{"taxonomy":"category","embeddable":true,"href":"https:\/\/cecip.org.br\/narrativasdepaz\/wp-json\/wp\/v2\/categories?post=1051"},{"taxonomy":"post_tag","embeddable":true,"href":"https:\/\/cecip.org.br\/narrativasdepaz\/wp-json\/wp\/v2\/tags?post=1051"}],"curies":[{"name":"wp","href":"https:\/\/api.w.org\/{rel}","templated":true}]}}