{"id":1070,"date":"2021-10-28T20:36:45","date_gmt":"2021-10-28T20:36:45","guid":{"rendered":"https:\/\/cecip.org.br\/narrativasdepaz\/?p=1070"},"modified":"2022-04-19T01:01:06","modified_gmt":"2022-04-19T01:01:06","slug":"ed-cura-nas-atividades-do-projeto-narrativas-de-paz","status":"publish","type":"post","link":"https:\/\/cecip.org.br\/narrativasdepaz\/2021\/10\/28\/ed-cura-nas-atividades-do-projeto-narrativas-de-paz\/","title":{"rendered":"Ed Cura nas atividades do projeto Narrativas de Paz"},"content":{"rendered":"<p>[vc_row][vc_column column_width_percent=&#8221;100&#8243; gutter_size=&#8221;3&#8243; overlay_alpha=&#8221;50&#8243; shift_x=&#8221;0&#8243; shift_y=&#8221;0&#8243; shift_y_down=&#8221;0&#8243; z_index=&#8221;0&#8243; medium_width=&#8221;0&#8243; mobile_width=&#8221;0&#8243; width=&#8221;1\/1&#8243;][vc_single_image media=&#8221;1075&#8243; media_width_percent=&#8221;65&#8243;][vc_column_text text_lead=&#8221;yes&#8221;]<span style=\"font-weight: 400;\">Nos dias 13 e 27 de outubro, tivemos a participa\u00e7\u00e3o do artista visual Ed Cura nas atividades do projeto Narrativas de Paz com os grupos de Agentes Comunit\u00e1rios de Sa\u00fade do CMS Ernani Agr\u00edcola. As oficinas integraram os encontros com a tem\u00e1tica sobre espa\u00e7os para crian\u00e7as nos territ\u00f3rios, contando com a fala do artista sobre sua atua\u00e7\u00e3o digital com o p\u00fablico jovem das favelas do Rio de Janeiro, seguida de atividade criativa e roda de conversa.<br \/>\n<\/span><span style=\"font-weight: 400;\">Ed Cura mostrou seu trabalho no Instagram, no qual divulga fotos de espa\u00e7os urbanos, em especial de favelas cariocas onde inclui personagens de mang\u00e1 que se relacionam com os temas emergentes em cada territ\u00f3rio.<br \/>\n<\/span><span style=\"font-weight: 400;\">O artista, que \u00e9 frequentador do posto de sa\u00fade, se apresentou aos ACS numa conversa muito pr\u00f3xima, de quem conhece e dirige seu trabalho para o mesmo territ\u00f3rio. Em seguida, todos os participantes se apresentaram desenhando personagens que lhes representam ou que admiram, falando sobre o bairro, os lugares onde moram e os territ\u00f3rios onde atuam. A roda de conversa trouxe muitas reflex\u00f5es sobre a inf\u00e2ncia na favela e o valor dos espa\u00e7os para atividades culturais, art\u00edsticas e corporais que ampliam refer\u00eancias com a aprendizagem e o conv\u00edvio entre os jovens.<br \/>\n<\/span><span style=\"font-weight: 400;\">No Instagram, em seu perfil <\/span><b>Anime DICRIA (\u5468\u8fba\u30a2\u30cb\u30e1)<\/b><span style=\"font-weight: 400;\">, Ed Cura publica edi\u00e7\u00f5es semanais do <\/span><b>Jornal DICRIA<\/b><span style=\"font-weight: 400;\">, apresentando not\u00edcias sobre sa\u00fade, pol\u00edtica, economia e cultura geral ao p\u00fablico jovem, por meio de suas cria\u00e7\u00f5es visuais que inserem personagens de mang\u00e1 e anime na vida real, relacionando suas caracter\u00edsticas aos contextos abordados. O artista recentemente recebeu o Pr\u00eamio Edson Lu\u00eds, da Secretaria Especial da Juventude Carioca (JUVRio) por sua atua\u00e7\u00e3o em midiativismo. E entre outros projetos de atua\u00e7\u00e3o social, est\u00e1 prestes a realizar o sonho de montar uma biblioteca comunit\u00e1ria com tem\u00e1tica de mang\u00e1 e HQs na comunidade do Fallet, onde mora.<\/span>[\/vc_column_text][vc_button button_color=&#8221;color-208561&#8243; border_width=&#8221;0&#8243; link=&#8221;url:https%3A%2F%2Fwww.instagram.com%2Fanimedicria%2F|target:_blank&#8221;]Clique aqui e confira o trabalho de Ed Cura[\/vc_button][\/vc_column][\/vc_row][vc_row][vc_column column_width_percent=&#8221;100&#8243; align_horizontal=&#8221;align_right&#8221; gutter_size=&#8221;3&#8243; overlay_alpha=&#8221;50&#8243; shift_x=&#8221;0&#8243; shift_y=&#8221;0&#8243; shift_y_down=&#8221;0&#8243; z_index=&#8221;0&#8243; medium_width=&#8221;0&#8243; mobile_width=&#8221;0&#8243; width=&#8221;1\/1&#8243;][vc_button button_color=&#8221;color-532360&#8243; border_width=&#8221;0&#8243; link=&#8221;url:https%3A%2F%2Fcecip.org.br%2Fnarrativasdepaz%2F2021%2F10%2F21%2Foficinas-narrativas-de-paz-e-maes-de-santa%2F|title:Oficinas%20Narrativas%20de%20Paz%20e%20M%C3%A3es%20de%20Santa&#8221;]Pr\u00f3xima not\u00edcia[\/vc_button][\/vc_column][\/vc_row]<\/p>\n","protected":false},"excerpt":{"rendered":"<p>[vc_row][vc_column column_width_percent=&#8221;100&#8243; gutter_size=&#8221;3&#8243; overlay_alpha=&#8221;50&#8243; shift_x=&#8221;0&#8243; shift_y=&#8221;0&#8243; shift_y_down=&#8221;0&#8243; z_index=&#8221;0&#8243; medium_width=&#8221;0&#8243; mobile_width=&#8221;0&#8243; width=&#8221;1\/1&#8243;][vc_single_image media=&#8221;1075&#8243; media_width_percent=&#8221;65&#8243;][vc_column_text text_lead=&#8221;yes&#8221;]Nos dias 13 e 27 de outubro, [&hellip;]<\/p>\n","protected":false},"author":1,"featured_media":1074,"comment_status":"closed","ping_status":"closed","sticky":false,"template":"","format":"standard","meta":[],"categories":[2],"tags":[],"_links":{"self":[{"href":"https:\/\/cecip.org.br\/narrativasdepaz\/wp-json\/wp\/v2\/posts\/1070"}],"collection":[{"href":"https:\/\/cecip.org.br\/narrativasdepaz\/wp-json\/wp\/v2\/posts"}],"about":[{"href":"https:\/\/cecip.org.br\/narrativasdepaz\/wp-json\/wp\/v2\/types\/post"}],"author":[{"embeddable":true,"href":"https:\/\/cecip.org.br\/narrativasdepaz\/wp-json\/wp\/v2\/users\/1"}],"replies":[{"embeddable":true,"href":"https:\/\/cecip.org.br\/narrativasdepaz\/wp-json\/wp\/v2\/comments?post=1070"}],"version-history":[{"count":16,"href":"https:\/\/cecip.org.br\/narrativasdepaz\/wp-json\/wp\/v2\/posts\/1070\/revisions"}],"predecessor-version":[{"id":1272,"href":"https:\/\/cecip.org.br\/narrativasdepaz\/wp-json\/wp\/v2\/posts\/1070\/revisions\/1272"}],"wp:featuredmedia":[{"embeddable":true,"href":"https:\/\/cecip.org.br\/narrativasdepaz\/wp-json\/wp\/v2\/media\/1074"}],"wp:attachment":[{"href":"https:\/\/cecip.org.br\/narrativasdepaz\/wp-json\/wp\/v2\/media?parent=1070"}],"wp:term":[{"taxonomy":"category","embeddable":true,"href":"https:\/\/cecip.org.br\/narrativasdepaz\/wp-json\/wp\/v2\/categories?post=1070"},{"taxonomy":"post_tag","embeddable":true,"href":"https:\/\/cecip.org.br\/narrativasdepaz\/wp-json\/wp\/v2\/tags?post=1070"}],"curies":[{"name":"wp","href":"https:\/\/api.w.org\/{rel}","templated":true}]}}