{"id":1086,"date":"2021-10-29T04:17:28","date_gmt":"2021-10-29T04:17:28","guid":{"rendered":"https:\/\/cecip.org.br\/narrativasdepaz\/?p=1086"},"modified":"2023-06-22T01:18:58","modified_gmt":"2023-06-22T01:18:58","slug":"podcast-narrativas-cmsea-direitos","status":"publish","type":"post","link":"https:\/\/cecip.org.br\/narrativasdepaz\/2021\/10\/29\/podcast-narrativas-cmsea-direitos\/","title":{"rendered":"Podcast Narrativas"},"content":{"rendered":"<p>[vc_row][vc_column width=&#8221;1\/2&#8243;][vc_custom_heading text_font=&#8221;font-555555&#8243; text_size=&#8221;h3&#8243; text_color=&#8221;accent&#8221;]O CMS Ernani Agr\u00edcola Informa:<br \/>\nDireitos Trabalhistas de Gestantes e Pu\u00e9rperas[\/vc_custom_heading][vc_custom_heading text_font=&#8221;font-555555&#8243; text_size=&#8221;h4&#8243; text_color=&#8221;accent&#8221; sub_lead=&#8221;yes&#8221;][\/vc_custom_heading][vc_column_text text_lead=&#8221;yes&#8221;]Neste podcast as Agentes Comunit\u00e1rias de Sa\u00fade do Centro Municipal de Sa\u00fade Ernani Agr\u00edcola, Rosa e Carol, trazem informa\u00e7\u00f5es para gestantes e pu\u00e9rperas sobre seus direitos trabalhistas, licen\u00e7a maternidade e licen\u00e7a paternidade.<\/p>\n<p>Para ouvir <em>on-line <\/em>e compartilhar, basta clicar no link abaixo.<\/p>\n<p>Cr\u00e9ditos:<br \/>\nEntrevistas &#8211; Fl\u00e1via Fassi Samel<br \/>\nApresenta\u00e7\u00e3o\u00a0 &#8211; Soraia Melo<br \/>\nCria\u00e7\u00e3o e montagem &#8211; Tatiana Martins[\/vc_column_text][vc_button button_color=&#8221;accent&#8221; border_width=&#8221;0&#8243; link=&#8221;url:https%3A%2F%2Fdrive.google.com%2Ffile%2Fd%2F11Pwbj6NHWjiS5jEFM_tiFSdR0bnIKtlN%2Fview%3Fusp%3Dsharing|title:%C3%89%20s%C3%B3%20clicar%20aqui%20para%20ouvir%20on-line|target:_blank&#8221;]\u00c9 s\u00f3 clicar aqui para ouvir on-line[\/vc_button][\/vc_column][vc_column width=&#8221;1\/2&#8243;][vc_single_image media=&#8221;1105&#8243; media_width_percent=&#8221;70&#8243; alignment=&#8221;center&#8221;][\/vc_column][\/vc_row][vc_row][vc_column column_width_percent=&#8221;100&#8243; align_horizontal=&#8221;align_right&#8221; gutter_size=&#8221;3&#8243; overlay_alpha=&#8221;50&#8243; shift_x=&#8221;0&#8243; shift_y=&#8221;0&#8243; shift_y_down=&#8221;0&#8243; z_index=&#8221;0&#8243; medium_width=&#8221;0&#8243; mobile_width=&#8221;0&#8243; width=&#8221;1\/1&#8243;][vc_button button_color=&#8221;color-532360&#8243; border_width=&#8221;0&#8243; link=&#8221;url:https%3A%2F%2Fcecip.org.br%2Fnarrativasdepaz%2F2021%2F10%2F04%2Fpodcast-narrativas-04%2F&#8221;]Pr\u00f3ximo podcast[\/vc_button][\/vc_column][\/vc_row]<\/p>\n","protected":false},"excerpt":{"rendered":"<p>[vc_row][vc_column width=&#8221;1\/2&#8243;][vc_custom_heading text_font=&#8221;font-555555&#8243; text_size=&#8221;h3&#8243; text_color=&#8221;accent&#8221;]O CMS Ernani Agr\u00edcola Informa: Direitos Trabalhistas de Gestantes e Pu\u00e9rperas[\/vc_custom_heading][vc_custom_heading text_font=&#8221;font-555555&#8243; text_size=&#8221;h4&#8243; text_color=&#8221;accent&#8221; sub_lead=&#8221;yes&#8221;][\/vc_custom_heading][vc_column_text text_lead=&#8221;yes&#8221;]Neste [&hellip;]<\/p>\n","protected":false},"author":1,"featured_media":1106,"comment_status":"closed","ping_status":"closed","sticky":false,"template":"","format":"standard","meta":[],"categories":[1,13],"tags":[],"_links":{"self":[{"href":"https:\/\/cecip.org.br\/narrativasdepaz\/wp-json\/wp\/v2\/posts\/1086"}],"collection":[{"href":"https:\/\/cecip.org.br\/narrativasdepaz\/wp-json\/wp\/v2\/posts"}],"about":[{"href":"https:\/\/cecip.org.br\/narrativasdepaz\/wp-json\/wp\/v2\/types\/post"}],"author":[{"embeddable":true,"href":"https:\/\/cecip.org.br\/narrativasdepaz\/wp-json\/wp\/v2\/users\/1"}],"replies":[{"embeddable":true,"href":"https:\/\/cecip.org.br\/narrativasdepaz\/wp-json\/wp\/v2\/comments?post=1086"}],"version-history":[{"count":15,"href":"https:\/\/cecip.org.br\/narrativasdepaz\/wp-json\/wp\/v2\/posts\/1086\/revisions"}],"predecessor-version":[{"id":1104,"href":"https:\/\/cecip.org.br\/narrativasdepaz\/wp-json\/wp\/v2\/posts\/1086\/revisions\/1104"}],"wp:featuredmedia":[{"embeddable":true,"href":"https:\/\/cecip.org.br\/narrativasdepaz\/wp-json\/wp\/v2\/media\/1106"}],"wp:attachment":[{"href":"https:\/\/cecip.org.br\/narrativasdepaz\/wp-json\/wp\/v2\/media?parent=1086"}],"wp:term":[{"taxonomy":"category","embeddable":true,"href":"https:\/\/cecip.org.br\/narrativasdepaz\/wp-json\/wp\/v2\/categories?post=1086"},{"taxonomy":"post_tag","embeddable":true,"href":"https:\/\/cecip.org.br\/narrativasdepaz\/wp-json\/wp\/v2\/tags?post=1086"}],"curies":[{"name":"wp","href":"https:\/\/api.w.org\/{rel}","templated":true}]}}