{"id":1149,"date":"2022-01-25T18:09:28","date_gmt":"2022-01-25T18:09:28","guid":{"rendered":"https:\/\/cecip.org.br\/narrativasdepaz\/?p=1149"},"modified":"2022-04-19T00:59:57","modified_gmt":"2022-04-19T00:59:57","slug":"rodas-de-conversa-maes-de-santa-2022","status":"publish","type":"post","link":"https:\/\/cecip.org.br\/narrativasdepaz\/2022\/01\/25\/rodas-de-conversa-maes-de-santa-2022\/","title":{"rendered":"Rodas de Conversa M\u00e3es de Santa 2022"},"content":{"rendered":"<p>[vc_row][vc_column column_width_percent=&#8221;100&#8243; gutter_size=&#8221;3&#8243; overlay_alpha=&#8221;50&#8243; shift_x=&#8221;0&#8243; shift_y=&#8221;0&#8243; shift_y_down=&#8221;0&#8243; z_index=&#8221;0&#8243; medium_width=&#8221;0&#8243; mobile_width=&#8221;0&#8243; width=&#8221;1\/1&#8243;][vc_single_image media=&#8221;1151&#8243; media_width_percent=&#8221;65&#8243;][vc_column_text text_lead=&#8221;yes&#8221;]Come\u00e7amos 2022 com nossas rodas de conversas on-line com o <a href=\"https:\/\/cecip.org.br\/narrativasdepaz\/maesdesanta\/\">grupo M\u00e3es de Santa<\/a>. Mesmo depois de uma breve interrup\u00e7\u00e3o nos encontros por conta do recesso, o papo rolou solto: al\u00e9m da <strong>vacina\u00e7\u00e3o contra a Covid para as crian\u00e7as<\/strong>, falamos sobre os diferentes <strong>m\u00e9todos contraceptivos<\/strong> e do que a decis\u00e3o por um ou outro m\u00e9todo envolve. A conversa tamb\u00e9m passou por quest\u00f5es da <strong>vida profissional das mulheres<\/strong>, com desabafos sobre o trabalho por necessidade, muitas vezes distante daquilo que realmente queremos fazer na vida.<br \/>\nUm grande destaque do encontro foi a <strong>participa\u00e7\u00e3o da Agente Comunit\u00e1ria de Sa\u00fade In\u00e1cia,<\/strong> do Posto Ernani Agr\u00edcola, que com muita efici\u00eancia, empatia e clareza, tirou v\u00e1rias d\u00favidas das m\u00e3es sobre a vacina\u00e7\u00e3o das crian\u00e7as contra a Covid.<br \/>\nFoi um dia com muitas trocas de informa\u00e7\u00f5es e experi\u00eancias.<br \/>\nComo uma das m\u00e3es presentes disse: &#8220;<em>Quando a maternidade chega, tanta coisa chega junto&#8230;<\/em>&#8220;<\/p>\n<p><strong>O CECIP e o projeto Narrativas de Paz refor\u00e7am e apoiam a import\u00e2ncia de vacinar as crian\u00e7as contra a Covid. Vacina \u00e9 sa\u00fade e portanto direito das crian\u00e7as!<\/strong>[\/vc_column_text][\/vc_column][\/vc_row][vc_row][vc_column column_width_percent=&#8221;100&#8243; align_horizontal=&#8221;align_right&#8221; gutter_size=&#8221;3&#8243; overlay_alpha=&#8221;50&#8243; shift_x=&#8221;0&#8243; shift_y=&#8221;0&#8243; shift_y_down=&#8221;0&#8243; z_index=&#8221;0&#8243; medium_width=&#8221;0&#8243; mobile_width=&#8221;0&#8243; width=&#8221;1\/1&#8243;][vc_button button_color=&#8221;color-532360&#8243; border_width=&#8221;0&#8243; link=&#8221;url:https%3A%2F%2Fcecip.org.br%2Fnarrativasdepaz%2F2021%2F11%2F24%2Foficina-desmame-gentil%2F|title:Oficina%20Desmame%20Gentil&#8221;]Pr\u00f3xima not\u00edcia[\/vc_button][\/vc_column][\/vc_row][vc_row][vc_column width=&#8221;1\/1&#8243;][\/vc_column][\/vc_row]<\/p>\n","protected":false},"excerpt":{"rendered":"<p>[vc_row][vc_column column_width_percent=&#8221;100&#8243; gutter_size=&#8221;3&#8243; overlay_alpha=&#8221;50&#8243; shift_x=&#8221;0&#8243; shift_y=&#8221;0&#8243; shift_y_down=&#8221;0&#8243; z_index=&#8221;0&#8243; medium_width=&#8221;0&#8243; mobile_width=&#8221;0&#8243; width=&#8221;1\/1&#8243;][vc_single_image media=&#8221;1151&#8243; media_width_percent=&#8221;65&#8243;][vc_column_text text_lead=&#8221;yes&#8221;]Come\u00e7amos 2022 com nossas rodas de conversas [&hellip;]<\/p>\n","protected":false},"author":1,"featured_media":1151,"comment_status":"closed","ping_status":"closed","sticky":false,"template":"","format":"standard","meta":[],"categories":[2],"tags":[],"_links":{"self":[{"href":"https:\/\/cecip.org.br\/narrativasdepaz\/wp-json\/wp\/v2\/posts\/1149"}],"collection":[{"href":"https:\/\/cecip.org.br\/narrativasdepaz\/wp-json\/wp\/v2\/posts"}],"about":[{"href":"https:\/\/cecip.org.br\/narrativasdepaz\/wp-json\/wp\/v2\/types\/post"}],"author":[{"embeddable":true,"href":"https:\/\/cecip.org.br\/narrativasdepaz\/wp-json\/wp\/v2\/users\/1"}],"replies":[{"embeddable":true,"href":"https:\/\/cecip.org.br\/narrativasdepaz\/wp-json\/wp\/v2\/comments?post=1149"}],"version-history":[{"count":4,"href":"https:\/\/cecip.org.br\/narrativasdepaz\/wp-json\/wp\/v2\/posts\/1149\/revisions"}],"predecessor-version":[{"id":1270,"href":"https:\/\/cecip.org.br\/narrativasdepaz\/wp-json\/wp\/v2\/posts\/1149\/revisions\/1270"}],"wp:featuredmedia":[{"embeddable":true,"href":"https:\/\/cecip.org.br\/narrativasdepaz\/wp-json\/wp\/v2\/media\/1151"}],"wp:attachment":[{"href":"https:\/\/cecip.org.br\/narrativasdepaz\/wp-json\/wp\/v2\/media?parent=1149"}],"wp:term":[{"taxonomy":"category","embeddable":true,"href":"https:\/\/cecip.org.br\/narrativasdepaz\/wp-json\/wp\/v2\/categories?post=1149"},{"taxonomy":"post_tag","embeddable":true,"href":"https:\/\/cecip.org.br\/narrativasdepaz\/wp-json\/wp\/v2\/tags?post=1149"}],"curies":[{"name":"wp","href":"https:\/\/api.w.org\/{rel}","templated":true}]}}