{"id":1154,"date":"2022-02-08T18:25:31","date_gmt":"2022-02-08T18:25:31","guid":{"rendered":"https:\/\/cecip.org.br\/narrativasdepaz\/?p=1154"},"modified":"2022-05-03T15:28:47","modified_gmt":"2022-05-03T15:28:47","slug":"todo-afeto-aos-profissionais-da-saude-em-2022","status":"publish","type":"post","link":"https:\/\/cecip.org.br\/narrativasdepaz\/2022\/02\/08\/todo-afeto-aos-profissionais-da-saude-em-2022\/","title":{"rendered":"Todo afeto aos profissionais da sa\u00fade em 2022"},"content":{"rendered":"<p>[vc_row][vc_column column_width_percent=&#8221;100&#8243; gutter_size=&#8221;3&#8243; overlay_alpha=&#8221;50&#8243; shift_x=&#8221;0&#8243; shift_y=&#8221;0&#8243; shift_y_down=&#8221;0&#8243; z_index=&#8221;0&#8243; medium_width=&#8221;0&#8243; mobile_width=&#8221;0&#8243; width=&#8221;1\/1&#8243;][vc_single_image media=&#8221;1155&#8243; media_width_percent=&#8221;65&#8243;][vc_column_text text_lead=&#8221;yes&#8221;]Ap\u00f3s quase dois anos de pandemia, 2022 chegou acompanhado de uma nova grande onda de cont\u00e1gios por Coronav\u00edrus. Mais uma vez os profissionais de sa\u00fade l\u00e1 estavam dedicados ao cuidado da popula\u00e7\u00e3o. A equipe do projeto Narrativas de Paz, do CECIP, admira e agradece cada uma e cada um dos profissionais que trabalham no <strong>Centro Municipal de Sa\u00fade Ernani Agr\u00edcola<\/strong>, nossos parceiros desde 2019 e oferece \u201cTodo afeto para segurar essa onda\u201d, na forma de um cart\u00e3o que expressa o reconhecimento e a admira\u00e7\u00e3o por quem faz parte desse espa\u00e7o que acolhe a comunidade local diariamente e de diversas formas.<br \/>\nS\u00e3o quase 100 pessoas que formam a equipe do posto de sa\u00fade de Santa Teresa. Um espa\u00e7o de paredes desenhadas e coloridas, em que trabalham diversos profissionais que garantem que a entrada seja segura, que os equipamentos e salas estejam limpos, que acolhe e identifica cada usu\u00e1rio como parte de uma rede muito maior do <strong>Sistema \u00danico de Sa\u00fade<\/strong>, que trabalha pela cura das doen\u00e7as e principalmente pela manuten\u00e7\u00e3o da sa\u00fade integral, com criatividade e fazendo parcerias.<br \/>\nS\u00e3o pessoas que aguentaram o tranco de tanta coisa nessa pandemia e seguem l\u00e1: os profissionais da seguran\u00e7a, da limpeza, da academia, da sa\u00fade, os m\u00e9dicos, enfermeiros e os <a href=\"https:\/\/cecip.org.br\/narrativasdepaz\/acs\/\">nossos agentes de sa\u00fade<\/a>! Muito obrigada![\/vc_column_text][\/vc_column][\/vc_row][vc_row][vc_column width=&#8221;1\/1&#8243;][vc_single_image media=&#8221;1226&#8243; media_width_percent=&#8221;70&#8243;][\/vc_column][\/vc_row][vc_row][vc_column column_width_percent=&#8221;100&#8243; align_horizontal=&#8221;align_right&#8221; gutter_size=&#8221;3&#8243; overlay_alpha=&#8221;50&#8243; shift_x=&#8221;0&#8243; shift_y=&#8221;0&#8243; shift_y_down=&#8221;0&#8243; z_index=&#8221;0&#8243; medium_width=&#8221;0&#8243; mobile_width=&#8221;0&#8243; width=&#8221;1\/1&#8243;][vc_button button_color=&#8221;color-532360&#8243; border_width=&#8221;0&#8243; link=&#8221;url:https%3A%2F%2Fcecip.org.br%2Fnarrativasdepaz%2F2022%2F01%2F25%2Frodas-de-conversa-maes-de-santa-2022%2F|title:Rodas%20de%20Conversa%20M%C3%A3es%20de%20Santa%202022&#8243;]Pr\u00f3xima not\u00edcia[\/vc_button][\/vc_column][\/vc_row]<\/p>\n","protected":false},"excerpt":{"rendered":"<p>[vc_row][vc_column column_width_percent=&#8221;100&#8243; gutter_size=&#8221;3&#8243; overlay_alpha=&#8221;50&#8243; shift_x=&#8221;0&#8243; shift_y=&#8221;0&#8243; shift_y_down=&#8221;0&#8243; z_index=&#8221;0&#8243; medium_width=&#8221;0&#8243; mobile_width=&#8221;0&#8243; width=&#8221;1\/1&#8243;][vc_single_image media=&#8221;1155&#8243; media_width_percent=&#8221;65&#8243;][vc_column_text text_lead=&#8221;yes&#8221;]Ap\u00f3s quase dois anos de pandemia, 2022 [&hellip;]<\/p>\n","protected":false},"author":1,"featured_media":1155,"comment_status":"closed","ping_status":"closed","sticky":false,"template":"","format":"standard","meta":[],"categories":[2],"tags":[],"_links":{"self":[{"href":"https:\/\/cecip.org.br\/narrativasdepaz\/wp-json\/wp\/v2\/posts\/1154"}],"collection":[{"href":"https:\/\/cecip.org.br\/narrativasdepaz\/wp-json\/wp\/v2\/posts"}],"about":[{"href":"https:\/\/cecip.org.br\/narrativasdepaz\/wp-json\/wp\/v2\/types\/post"}],"author":[{"embeddable":true,"href":"https:\/\/cecip.org.br\/narrativasdepaz\/wp-json\/wp\/v2\/users\/1"}],"replies":[{"embeddable":true,"href":"https:\/\/cecip.org.br\/narrativasdepaz\/wp-json\/wp\/v2\/comments?post=1154"}],"version-history":[{"count":7,"href":"https:\/\/cecip.org.br\/narrativasdepaz\/wp-json\/wp\/v2\/posts\/1154\/revisions"}],"predecessor-version":[{"id":1269,"href":"https:\/\/cecip.org.br\/narrativasdepaz\/wp-json\/wp\/v2\/posts\/1154\/revisions\/1269"}],"wp:featuredmedia":[{"embeddable":true,"href":"https:\/\/cecip.org.br\/narrativasdepaz\/wp-json\/wp\/v2\/media\/1155"}],"wp:attachment":[{"href":"https:\/\/cecip.org.br\/narrativasdepaz\/wp-json\/wp\/v2\/media?parent=1154"}],"wp:term":[{"taxonomy":"category","embeddable":true,"href":"https:\/\/cecip.org.br\/narrativasdepaz\/wp-json\/wp\/v2\/categories?post=1154"},{"taxonomy":"post_tag","embeddable":true,"href":"https:\/\/cecip.org.br\/narrativasdepaz\/wp-json\/wp\/v2\/tags?post=1154"}],"curies":[{"name":"wp","href":"https:\/\/api.w.org\/{rel}","templated":true}]}}