{"id":1219,"date":"2022-04-18T19:48:41","date_gmt":"2022-04-18T19:48:41","guid":{"rendered":"https:\/\/cecip.org.br\/narrativasdepaz\/?p=1219"},"modified":"2022-06-13T15:28:54","modified_gmt":"2022-06-13T15:28:54","slug":"maes-de-santa-mostram-suas-producoes-no-casarao-dos-prazeres","status":"publish","type":"post","link":"https:\/\/cecip.org.br\/narrativasdepaz\/2022\/04\/18\/maes-de-santa-mostram-suas-producoes-no-casarao-dos-prazeres\/","title":{"rendered":"M\u00e3es de Santa mostram suas produ\u00e7\u00f5es no Casar\u00e3o dos Prazeres"},"content":{"rendered":"<p>[vc_row][vc_column column_width_percent=&#8221;100&#8243; gutter_size=&#8221;3&#8243; overlay_alpha=&#8221;50&#8243; shift_x=&#8221;0&#8243; shift_y=&#8221;0&#8243; shift_y_down=&#8221;0&#8243; z_index=&#8221;0&#8243; medium_width=&#8221;0&#8243; mobile_width=&#8221;0&#8243; width=&#8221;1\/1&#8243;][vc_single_image media=&#8221;1220&#8243; media_width_percent=&#8221;65&#8243;][vc_column_text text_lead=&#8221;yes&#8221;]<\/p>\n<div class=\"\" data-block=\"true\" data-editor=\"528ls\" data-offset-key=\"f4fvi-0-0\">\n<div class=\"_1mf _1mj\" data-offset-key=\"f4fvi-0-0\"><span data-offset-key=\"f4fvi-0-0\">Um <\/span><span data-offset-key=\"f4fvi-1-0\">encontro<\/span><span data-offset-key=\"f4fvi-2-0\"> cheio de emo\u00e7\u00e3o, de do\u00e7uras preparadas pelas m\u00e3es de Santa, com artesanato, oficina de para crian\u00e7as muay thai e pintura, e uma festa cheia de ritmos brasileiros, cores, flores e muitas saias rodadas com Barbara Vento e Carimbaby, com a participa\u00e7\u00e3o de Ta\u00edsa Matos e Aline Castro.<br \/>\n<\/span><span style=\"font-family: -apple-system, BlinkMacSystemFont, 'Segoe UI', Roboto, Oxygen-Sans, Ubuntu, Cantarell, 'Helvetica Neue', sans-serif;\">No dia 7 de abril, o Grupo M\u00e3es de Santa, em parceria com o projeto Narrativas de Paz, realizou um encontro especial no espa\u00e7o externo do Casar\u00e3o dos Prazeres. Mais de 10 expositoras mostraram em barracas produzidas por elas seus bolos, doces de festa, empadas, artesanato em tecido, produtos naturais para a beleza e um brech\u00f3 com pe\u00e7as femininas e infantis.<br \/>\n<\/span><span style=\"font-family: -apple-system, BlinkMacSystemFont, 'Segoe UI', Roboto, Oxygen-Sans, Ubuntu, Cantarell, 'Helvetica Neue', sans-serif;\">A proposta desta a\u00e7\u00e3o foi incentivar as m\u00e3es do grupo em seus neg\u00f3cios, garantir fotos profissionais para a divulga\u00e7\u00e3o na p\u00e1gina @maesdesanta no Facebook e no Instagram, e lembrar a cada uma e a todo o grupo a pot\u00eancia que t\u00eam quando est\u00e3o juntas, quando trabalham em rede. Para isso, as m\u00e3es Alice Cissa e Wivian Ribeiro Ferreira criaram um banner com um mapa que mostra onde est\u00e3o as m\u00e3es nas comunidades de Santa com seus servi\u00e7os e contatos.<br \/>\n<\/span><span style=\"font-family: -apple-system, BlinkMacSystemFont, 'Segoe UI', Roboto, Oxygen-Sans, Ubuntu, Cantarell, 'Helvetica Neue', sans-serif;\">\u201cDurante a produ\u00e7\u00e3o foi desafiador conseguir entender e se fazer entender, mas tamb\u00e9m gratificante, pois no dia do evento, poder contemplar o resultado de todo aquele esfor\u00e7o foi emocionante, contagiante. Quando se faz algo pensando no coletivo d\u00e1 um g\u00e1s a mais, um motivo para continuar. O mais emocionante foi ver o brilho nos olhos de cada expositora e o despertar de outras mulheres\u201d, contou Alice Cissa, m\u00e3e e uma das organizadoras do evento.<br \/>\n<\/span><span style=\"font-family: -apple-system, BlinkMacSystemFont, 'Segoe UI', Roboto, Oxygen-Sans, Ubuntu, Cantarell, 'Helvetica Neue', sans-serif;\">O grupo M\u00e3es de Santa foi criado em 2018 numa parceria com o CMS Ernani Agr\u00edcola e o Instituto Michel Odent, por meio da enfermeira obstetra Helo\u00edsa Lessa e desde 2019 conta com a colabora\u00e7\u00e3o do projeto Narrativas de Paz, do CECIP.<\/span><\/div>\n<\/div>\n<div class=\"\" data-block=\"true\" data-editor=\"528ls\" data-offset-key=\"f9t8o-0-0\">\n<div class=\"_1mf _1mj\" data-offset-key=\"f9t8o-0-0\"><span data-offset-key=\"f9t8o-0-0\">Foto: Ricardo Joppert<\/span><\/div>\n<\/div>\n<p>[\/vc_column_text][\/vc_column][\/vc_row][vc_row][vc_column column_width_percent=&#8221;100&#8243; align_horizontal=&#8221;align_right&#8221; gutter_size=&#8221;3&#8243; overlay_alpha=&#8221;50&#8243; shift_x=&#8221;0&#8243; shift_y=&#8221;0&#8243; shift_y_down=&#8221;0&#8243; z_index=&#8221;0&#8243; medium_width=&#8221;0&#8243; mobile_width=&#8221;0&#8243; width=&#8221;1\/1&#8243;][vc_button button_color=&#8221;color-532360&#8243; border_width=&#8221;0&#8243; link=&#8221;url:https%3A%2F%2Fcecip.org.br%2Fnarrativasdepaz%2F2022%2F03%2F09%2Fedi-heloisa-marinho-comemora-10-anos%2F|title:EDI%20Heloisa%20Marinho%20Comemora%2010%20Anos&#8221;]Pr\u00f3xima not\u00edcia[\/vc_button][\/vc_column][\/vc_row][vc_row][vc_column width=&#8221;1\/1&#8243;][\/vc_column][\/vc_row]<\/p>\n","protected":false},"excerpt":{"rendered":"<p>[vc_row][vc_column column_width_percent=&#8221;100&#8243; gutter_size=&#8221;3&#8243; overlay_alpha=&#8221;50&#8243; shift_x=&#8221;0&#8243; shift_y=&#8221;0&#8243; shift_y_down=&#8221;0&#8243; z_index=&#8221;0&#8243; medium_width=&#8221;0&#8243; mobile_width=&#8221;0&#8243; width=&#8221;1\/1&#8243;][vc_single_image media=&#8221;1220&#8243; media_width_percent=&#8221;65&#8243;][vc_column_text text_lead=&#8221;yes&#8221;] Um encontro cheio de emo\u00e7\u00e3o, de [&hellip;]<\/p>\n","protected":false},"author":1,"featured_media":1220,"comment_status":"closed","ping_status":"closed","sticky":false,"template":"","format":"standard","meta":[],"categories":[2],"tags":[],"_links":{"self":[{"href":"https:\/\/cecip.org.br\/narrativasdepaz\/wp-json\/wp\/v2\/posts\/1219"}],"collection":[{"href":"https:\/\/cecip.org.br\/narrativasdepaz\/wp-json\/wp\/v2\/posts"}],"about":[{"href":"https:\/\/cecip.org.br\/narrativasdepaz\/wp-json\/wp\/v2\/types\/post"}],"author":[{"embeddable":true,"href":"https:\/\/cecip.org.br\/narrativasdepaz\/wp-json\/wp\/v2\/users\/1"}],"replies":[{"embeddable":true,"href":"https:\/\/cecip.org.br\/narrativasdepaz\/wp-json\/wp\/v2\/comments?post=1219"}],"version-history":[{"count":6,"href":"https:\/\/cecip.org.br\/narrativasdepaz\/wp-json\/wp\/v2\/posts\/1219\/revisions"}],"predecessor-version":[{"id":1266,"href":"https:\/\/cecip.org.br\/narrativasdepaz\/wp-json\/wp\/v2\/posts\/1219\/revisions\/1266"}],"wp:featuredmedia":[{"embeddable":true,"href":"https:\/\/cecip.org.br\/narrativasdepaz\/wp-json\/wp\/v2\/media\/1220"}],"wp:attachment":[{"href":"https:\/\/cecip.org.br\/narrativasdepaz\/wp-json\/wp\/v2\/media?parent=1219"}],"wp:term":[{"taxonomy":"category","embeddable":true,"href":"https:\/\/cecip.org.br\/narrativasdepaz\/wp-json\/wp\/v2\/categories?post=1219"},{"taxonomy":"post_tag","embeddable":true,"href":"https:\/\/cecip.org.br\/narrativasdepaz\/wp-json\/wp\/v2\/tags?post=1219"}],"curies":[{"name":"wp","href":"https:\/\/api.w.org\/{rel}","templated":true}]}}