{"id":1319,"date":"2022-05-03T15:27:05","date_gmt":"2022-05-03T15:27:05","guid":{"rendered":"https:\/\/cecip.org.br\/narrativasdepaz\/?p=1319"},"modified":"2023-02-01T13:16:14","modified_gmt":"2023-02-01T13:16:14","slug":"narrativas-de-paz-encerra-as-acoes-presenciais-na-creche-cantinho-feliz","status":"publish","type":"post","link":"https:\/\/cecip.org.br\/narrativasdepaz\/2022\/05\/03\/narrativas-de-paz-encerra-as-acoes-presenciais-na-creche-cantinho-feliz\/","title":{"rendered":"Narrativas de Paz encerra as a\u00e7\u00f5es presenciais na Creche Cantinho Feliz"},"content":{"rendered":"<p>[vc_row][vc_column column_width_percent=&#8221;100&#8243; gutter_size=&#8221;3&#8243; overlay_alpha=&#8221;50&#8243; shift_x=&#8221;0&#8243; shift_y=&#8221;0&#8243; shift_y_down=&#8221;0&#8243; z_index=&#8221;0&#8243; medium_width=&#8221;0&#8243; mobile_width=&#8221;0&#8243; width=&#8221;1\/1&#8243;][vc_single_image media=&#8221;1320&#8243; media_width_percent=&#8221;65&#8243;][vc_column_text text_lead=&#8221;yes&#8221;]<\/p>\n<div class=\"\" data-block=\"true\" data-editor=\"528ls\" data-offset-key=\"f4fvi-0-0\">\n<div class=\"_1mf _1mj\" data-offset-key=\"f4fvi-0-0\">\n<div dir=\"auto\">Na \u00faltima quarta, dia 27 de abril, o projeto Narrativas de Paz encerrou as a\u00e7\u00f5es presenciais na Creche Cantinho Feliz com um encontro cheio de emo\u00e7\u00e3o e dan\u00e7a. Para conduzir uma intera\u00e7\u00e3o art\u00edstica chamada Lava\u00e7\u00e3o de Palavras a designer e educadora Luciana Perp\u00e9tuo de Oliveira convidou a equipe de educadoras e educadores a escolher ou escrever as palavras que, de tanto uso, j\u00e1 perderam os sentidos, ou est\u00e3o sujas e poderiam ser lavadas, um exerc\u00edcio po\u00e9tico e interativo inspirado no poema Receita para Lavar Palavra Suja, da fil\u00f3sofa Viviane Mos\u00e9.<\/div>\n<div dir=\"auto\">Foram muitos os relatos e depoimentos seguidos de l\u00e1grimas e risos, como o da Claudia Cristina Ferreira de Faria, a Claudinha, que \u00e9 respons\u00e1vel pela alimenta\u00e7\u00e3o das crian\u00e7as na creche e escolheu lavar a frase \u201cnadar, nadar e morrer na praia\u201d, pois por muito tempo essa frase limitante foi dita \u00e0 m\u00e3e dela, que com muito esfor\u00e7o e trabalho criou os filhos e uma hist\u00f3ria para ter muito orgulho.<\/div>\n<div dir=\"auto\">Para fechar o encontro com m\u00fasica, com bra\u00e7os dados e muita alegria ritmada, a educadora musical e cantora Ana Bispo convidou o grupo para uma roda dan\u00e7ada, para mexer o corpo e um pouco mais das emo\u00e7\u00f5es. Lembrou que a m\u00fasica guia nosso fazer, que acolhe e contribui com nossas formas de nos expressar.<\/div>\n<div dir=\"auto\">O projeto Narrativas de Paz, do CECIP, agradece a parceria de quase tr\u00eas anos com a Cantinho Feliz e o Instituto Trilho.<\/div>\n<\/div>\n<\/div>\n<p>[\/vc_column_text][vc_gallery][\/vc_column][\/vc_row][vc_row][vc_column column_width_percent=&#8221;100&#8243; align_horizontal=&#8221;align_right&#8221; gutter_size=&#8221;3&#8243; overlay_alpha=&#8221;50&#8243; shift_x=&#8221;0&#8243; shift_y=&#8221;0&#8243; shift_y_down=&#8221;0&#8243; z_index=&#8221;0&#8243; medium_width=&#8221;0&#8243; mobile_width=&#8221;0&#8243; width=&#8221;1\/1&#8243;][vc_button button_color=&#8221;color-532360&#8243; border_width=&#8221;0&#8243; link=&#8221;url:https%3A%2F%2Fcecip.org.br%2Fnarrativasdepaz%2F2022%2F04%2F18%2Fmaes-de-santa-mostram-suas-producoes-no-casarao-dos-prazeres%2F|title:EDI%20Heloisa%20Marinho%20Comemora%2010%20Anos&#8221;]Pr\u00f3xima not\u00edcia[\/vc_button][\/vc_column][\/vc_row][vc_row][vc_column width=&#8221;1\/1&#8243;][\/vc_column][\/vc_row]<\/p>\n","protected":false},"excerpt":{"rendered":"<p>[vc_row][vc_column column_width_percent=&#8221;100&#8243; gutter_size=&#8221;3&#8243; overlay_alpha=&#8221;50&#8243; shift_x=&#8221;0&#8243; shift_y=&#8221;0&#8243; shift_y_down=&#8221;0&#8243; z_index=&#8221;0&#8243; medium_width=&#8221;0&#8243; mobile_width=&#8221;0&#8243; width=&#8221;1\/1&#8243;][vc_single_image media=&#8221;1320&#8243; media_width_percent=&#8221;65&#8243;][vc_column_text text_lead=&#8221;yes&#8221;] Na \u00faltima quarta, dia 27 de [&hellip;]<\/p>\n","protected":false},"author":1,"featured_media":1320,"comment_status":"closed","ping_status":"closed","sticky":false,"template":"","format":"standard","meta":[],"categories":[2],"tags":[],"_links":{"self":[{"href":"https:\/\/cecip.org.br\/narrativasdepaz\/wp-json\/wp\/v2\/posts\/1319"}],"collection":[{"href":"https:\/\/cecip.org.br\/narrativasdepaz\/wp-json\/wp\/v2\/posts"}],"about":[{"href":"https:\/\/cecip.org.br\/narrativasdepaz\/wp-json\/wp\/v2\/types\/post"}],"author":[{"embeddable":true,"href":"https:\/\/cecip.org.br\/narrativasdepaz\/wp-json\/wp\/v2\/users\/1"}],"replies":[{"embeddable":true,"href":"https:\/\/cecip.org.br\/narrativasdepaz\/wp-json\/wp\/v2\/comments?post=1319"}],"version-history":[{"count":3,"href":"https:\/\/cecip.org.br\/narrativasdepaz\/wp-json\/wp\/v2\/posts\/1319\/revisions"}],"predecessor-version":[{"id":1323,"href":"https:\/\/cecip.org.br\/narrativasdepaz\/wp-json\/wp\/v2\/posts\/1319\/revisions\/1323"}],"wp:featuredmedia":[{"embeddable":true,"href":"https:\/\/cecip.org.br\/narrativasdepaz\/wp-json\/wp\/v2\/media\/1320"}],"wp:attachment":[{"href":"https:\/\/cecip.org.br\/narrativasdepaz\/wp-json\/wp\/v2\/media?parent=1319"}],"wp:term":[{"taxonomy":"category","embeddable":true,"href":"https:\/\/cecip.org.br\/narrativasdepaz\/wp-json\/wp\/v2\/categories?post=1319"},{"taxonomy":"post_tag","embeddable":true,"href":"https:\/\/cecip.org.br\/narrativasdepaz\/wp-json\/wp\/v2\/tags?post=1319"}],"curies":[{"name":"wp","href":"https:\/\/api.w.org\/{rel}","templated":true}]}}