{"id":1345,"date":"2022-06-13T15:19:34","date_gmt":"2022-06-13T15:19:34","guid":{"rendered":"https:\/\/cecip.org.br\/narrativasdepaz\/?p=1345"},"modified":"2023-02-01T13:15:14","modified_gmt":"2023-02-01T13:15:14","slug":"ser-ativista-de-historias","status":"publish","type":"post","link":"https:\/\/cecip.org.br\/narrativasdepaz\/2022\/06\/13\/ser-ativista-de-historias\/","title":{"rendered":"Ser ativista de hist\u00f3rias"},"content":{"rendered":"<p>[vc_row][vc_column column_width_percent=&#8221;100&#8243; gutter_size=&#8221;3&#8243; overlay_alpha=&#8221;50&#8243; shift_x=&#8221;0&#8243; shift_y=&#8221;0&#8243; shift_y_down=&#8221;0&#8243; z_index=&#8221;0&#8243; medium_width=&#8221;0&#8243; mobile_width=&#8221;0&#8243; width=&#8221;1\/1&#8243;][vc_single_image media=&#8221;1348&#8243; media_width_percent=&#8221;65&#8243;][vc_column_text text_lead=&#8221;yes&#8221;]<\/p>\n<div class=\"\" data-block=\"true\" data-editor=\"528ls\" data-offset-key=\"f4fvi-0-0\">\n<div class=\"_1mf _1mj\" data-offset-key=\"f4fvi-0-0\">\n<div dir=\"auto\">\n<div dir=\"auto\">Nos \u00faltimos dois anos, o projeto Narrativas de Paz desenvolveu atividades com o grupo M\u00e3es de Santa, formado por gestantes e pu\u00e9rperas do Morro dos Prazeres e de outras comunidades do entorno do bairro Santa Teresa. E hoje, ap\u00f3s o encerramento do projeto, elas seguem de forma aut\u00f4noma com a troca de informa\u00e7\u00f5es sobre o desenvolvimento na primeira inf\u00e2ncia e o fortalecimento do grupo como um elemento da rede de apoio.<\/div>\n<div dir=\"auto\">Alice Cissa Hpito, uma m\u00e3e que tem participado ativamente deste movimento trouxe seu depoimento sobre seu momento atual no grupo:<\/div>\n<div dir=\"auto\">\u201cEu sempre fui muito apaixonada pela \u00e1rea de marketing, foi uma das formas que me levaram a fazer a faculdade de design gr\u00e1fico. Ent\u00e3o, com o M\u00e3es de Santa eu estou podendo botar na pr\u00e1tica o que eu aprendo, n\u00e9? Eu vejo no YouTube, vejo as blogueiras fazendo: que n\u00e3o d\u00e1 pra postar todos os dias, tem que ver o melhor hor\u00e1rio do seu p\u00fablico\u2026 E a\u00ed, ap\u00f3s o evento de finaliza\u00e7\u00e3o do projeto Narrativas com o grupo M\u00e3es de Santa, com as fotos maravilhosas que temos agora, podemos impulsionar cada mulher, por meio do nosso perfil no Instagram. Porque ela n\u00e3o \u00e9 s\u00f3 m\u00e3e, sabe? Mas a ideia \u00e9 mostrar quem \u00e9 essa mulher, pra ela se redescobrir. E poder dar um foco, dar uma luz pra essas mulheres est\u00e1 sendo muito gratificante, e eu espero abrir portas pra todas elas e com isso tamb\u00e9m ganhar muito mais conhecimento.<\/div>\n<div dir=\"auto\">Ap\u00f3s a finaliza\u00e7\u00e3o do projeto, n\u00f3s ficamos sentindo falta de ter o calor f\u00edsico umas das outras, de nos encontrarmos, e agora em junho, vamos aproveitar que tem festa junina, e no dia 18 ocorrer\u00e1 o pique-nique da festa junina das M\u00e3es de Santa, na pra\u00e7a Odylo Costa Neto, em Santa Teresa, \u00e0s 14h como uma forma de a gente se reencontrar e tamb\u00e9m dar boas vindas a novas mam\u00e3es que entraram no nosso grupo.\u201d<\/div>\n<div dir=\"auto\">Siga o grupo M\u00e3es de Santa no Instagram @maesdesanta e <a href=\"https:\/\/web.facebook.com\/profile.php?id=100079975963174\" target=\"_blank\" rel=\"noopener\">Facebook<\/a>, e apoie este movimento!<\/div>\n<\/div>\n<div dir=\"auto\">\n<p><em>Fotos: J\u00e9ssica Leone<\/em><\/p>\n<p class=\"p1\"><em>Acima, Alice diante do banner criado por ela e a parceira Wivian Ribeiro Ferreira para o evento de finaliza\u00e7\u00e3o do projeto Narrativas de Paz junto ao grupo M\u00e3es de Santa.<\/em><\/p>\n<p class=\"p1\"><em>Abaixo: A alegria de Alice com sua filha, Chloe Agapito , no evento<span class=\"Apple-converted-space\">\u00a0 <\/span>de finaliza\u00e7\u00e3o do projeto Narrativas de Paz junto ao grupo M\u00e3es de Santa. E o banner que apresenta as m\u00e3es e seus servi\u00e7os, mapeia os empreendimentos na regi\u00e3o de Santa Teresa. Siga o grupo M\u00e3es de Santa no Instagram @maesdesanta e apoie este movimento!<\/em><\/p>\n<\/div>\n<\/div>\n<\/div>\n<p>[\/vc_column_text][vc_gallery el_id=&#8221;gallery-575419&#8243; medias=&#8221;1352,1353&#8243; gutter_size=&#8221;3&#8243; screen_lg=&#8221;1000&#8243; screen_md=&#8221;600&#8243; screen_sm=&#8221;480&#8243; single_overlay_opacity=&#8221;50&#8243; single_padding=&#8221;2&#8243;][\/vc_column][\/vc_row][vc_row][vc_column column_width_percent=&#8221;100&#8243; align_horizontal=&#8221;align_right&#8221; gutter_size=&#8221;3&#8243; overlay_alpha=&#8221;50&#8243; shift_x=&#8221;0&#8243; shift_y=&#8221;0&#8243; shift_y_down=&#8221;0&#8243; z_index=&#8221;0&#8243; medium_width=&#8221;0&#8243; mobile_width=&#8221;0&#8243; width=&#8221;1\/1&#8243;][vc_button button_color=&#8221;color-532360&#8243; border_width=&#8221;0&#8243; link=&#8221;url:https%3A%2F%2Fcecip.org.br%2Fnarrativasdepaz%2F2022%2F05%2F31%2Fuma-celebracao-em-homenagem-a-equipe-de-enfermagem-do-cms-ernani-agricola%2F|title:EDI%20Heloisa%20Marinho%20Comemora%2010%20Anos&#8221;]Pr\u00f3xima not\u00edcia[\/vc_button][\/vc_column][\/vc_row][vc_row][vc_column width=&#8221;1\/1&#8243;][\/vc_column][\/vc_row]<\/p>\n","protected":false},"excerpt":{"rendered":"<p>[vc_row][vc_column column_width_percent=&#8221;100&#8243; gutter_size=&#8221;3&#8243; overlay_alpha=&#8221;50&#8243; shift_x=&#8221;0&#8243; shift_y=&#8221;0&#8243; shift_y_down=&#8221;0&#8243; z_index=&#8221;0&#8243; medium_width=&#8221;0&#8243; mobile_width=&#8221;0&#8243; width=&#8221;1\/1&#8243;][vc_single_image media=&#8221;1348&#8243; media_width_percent=&#8221;65&#8243;][vc_column_text text_lead=&#8221;yes&#8221;] Nos \u00faltimos dois anos, o projeto [&hellip;]<\/p>\n","protected":false},"author":1,"featured_media":1348,"comment_status":"closed","ping_status":"closed","sticky":false,"template":"","format":"standard","meta":[],"categories":[2,4],"tags":[],"_links":{"self":[{"href":"https:\/\/cecip.org.br\/narrativasdepaz\/wp-json\/wp\/v2\/posts\/1345"}],"collection":[{"href":"https:\/\/cecip.org.br\/narrativasdepaz\/wp-json\/wp\/v2\/posts"}],"about":[{"href":"https:\/\/cecip.org.br\/narrativasdepaz\/wp-json\/wp\/v2\/types\/post"}],"author":[{"embeddable":true,"href":"https:\/\/cecip.org.br\/narrativasdepaz\/wp-json\/wp\/v2\/users\/1"}],"replies":[{"embeddable":true,"href":"https:\/\/cecip.org.br\/narrativasdepaz\/wp-json\/wp\/v2\/comments?post=1345"}],"version-history":[{"count":6,"href":"https:\/\/cecip.org.br\/narrativasdepaz\/wp-json\/wp\/v2\/posts\/1345\/revisions"}],"predecessor-version":[{"id":1356,"href":"https:\/\/cecip.org.br\/narrativasdepaz\/wp-json\/wp\/v2\/posts\/1345\/revisions\/1356"}],"wp:featuredmedia":[{"embeddable":true,"href":"https:\/\/cecip.org.br\/narrativasdepaz\/wp-json\/wp\/v2\/media\/1348"}],"wp:attachment":[{"href":"https:\/\/cecip.org.br\/narrativasdepaz\/wp-json\/wp\/v2\/media?parent=1345"}],"wp:term":[{"taxonomy":"category","embeddable":true,"href":"https:\/\/cecip.org.br\/narrativasdepaz\/wp-json\/wp\/v2\/categories?post=1345"},{"taxonomy":"post_tag","embeddable":true,"href":"https:\/\/cecip.org.br\/narrativasdepaz\/wp-json\/wp\/v2\/tags?post=1345"}],"curies":[{"name":"wp","href":"https:\/\/api.w.org\/{rel}","templated":true}]}}