{"id":1364,"date":"2022-07-13T13:54:05","date_gmt":"2022-07-13T13:54:05","guid":{"rendered":"https:\/\/cecip.org.br\/narrativasdepaz\/?p=1364"},"modified":"2022-07-15T14:49:11","modified_gmt":"2022-07-15T14:49:11","slug":"outras-narrativas-para-a-primeira-infancia","status":"publish","type":"post","link":"https:\/\/cecip.org.br\/narrativasdepaz\/2022\/07\/13\/outras-narrativas-para-a-primeira-infancia\/","title":{"rendered":"Outras Narrativas para a Primeira Inf\u00e2ncia"},"content":{"rendered":"<p>[vc_row][vc_column width=&#8221;1\/2&#8243;][vc_column_text text_lead=&#8221;yes&#8221;]O Projeto Narrativas de Paz celebra sua segunda edi\u00e7\u00e3o com a publica\u00e7\u00e3o digital <strong><a href=\"https:\/\/drive.google.com\/file\/d\/1FQ_aLgRIEq8VaneIan8Hw0WbHZKf7RzR\/view?usp=sharing\" target=\"_blank\" rel=\"noopener\">Outras Narrativas para a Primeira Inf\u00e2ncia<\/a><\/strong> que apresenta as narrativas e hist\u00f3rias de quem participou do projeto entre 2020 e 2022, no bairro de Santa Teresa, no Rio de Janeiro.<\/p>\n<p>A publica\u00e7\u00e3o est\u00e1 dispon\u00edvel on-line.<br \/>\n<strong><a href=\"https:\/\/drive.google.com\/file\/d\/1FQ_aLgRIEq8VaneIan8Hw0WbHZKf7RzR\/view?usp=sharing\" target=\"_blank\" rel=\"noopener\">Clique aqui, baixe, leia e compartilhe!<\/a><\/strong>[\/vc_column_text][\/vc_column][vc_column width=&#8221;1\/2&#8243;][vc_single_image media=&#8221;1365&#8243; media_width_percent=&#8221;70&#8243; media_link=&#8221;url:https%3A%2F%2Fdrive.google.com%2Ffile%2Fd%2F1FQ_aLgRIEq8VaneIan8Hw0WbHZKf7RzR%2Fview%3Fusp%3Dsharing|title:Outras%20Narrativas%20para%20a%20Primeira%20Inf%C3%A2ncia|target:_blank&#8221;][\/vc_column][\/vc_row]<\/p>\n","protected":false},"excerpt":{"rendered":"<p>[vc_row][vc_column width=&#8221;1\/2&#8243;][vc_column_text text_lead=&#8221;yes&#8221;]O Projeto Narrativas de Paz celebra sua segunda edi\u00e7\u00e3o com a publica\u00e7\u00e3o digital Outras Narrativas para a Primeira [&hellip;]<\/p>\n","protected":false},"author":1,"featured_media":1365,"comment_status":"closed","ping_status":"closed","sticky":false,"template":"","format":"standard","meta":[],"categories":[1,15],"tags":[],"_links":{"self":[{"href":"https:\/\/cecip.org.br\/narrativasdepaz\/wp-json\/wp\/v2\/posts\/1364"}],"collection":[{"href":"https:\/\/cecip.org.br\/narrativasdepaz\/wp-json\/wp\/v2\/posts"}],"about":[{"href":"https:\/\/cecip.org.br\/narrativasdepaz\/wp-json\/wp\/v2\/types\/post"}],"author":[{"embeddable":true,"href":"https:\/\/cecip.org.br\/narrativasdepaz\/wp-json\/wp\/v2\/users\/1"}],"replies":[{"embeddable":true,"href":"https:\/\/cecip.org.br\/narrativasdepaz\/wp-json\/wp\/v2\/comments?post=1364"}],"version-history":[{"count":4,"href":"https:\/\/cecip.org.br\/narrativasdepaz\/wp-json\/wp\/v2\/posts\/1364\/revisions"}],"predecessor-version":[{"id":1373,"href":"https:\/\/cecip.org.br\/narrativasdepaz\/wp-json\/wp\/v2\/posts\/1364\/revisions\/1373"}],"wp:featuredmedia":[{"embeddable":true,"href":"https:\/\/cecip.org.br\/narrativasdepaz\/wp-json\/wp\/v2\/media\/1365"}],"wp:attachment":[{"href":"https:\/\/cecip.org.br\/narrativasdepaz\/wp-json\/wp\/v2\/media?parent=1364"}],"wp:term":[{"taxonomy":"category","embeddable":true,"href":"https:\/\/cecip.org.br\/narrativasdepaz\/wp-json\/wp\/v2\/categories?post=1364"},{"taxonomy":"post_tag","embeddable":true,"href":"https:\/\/cecip.org.br\/narrativasdepaz\/wp-json\/wp\/v2\/tags?post=1364"}],"curies":[{"name":"wp","href":"https:\/\/api.w.org\/{rel}","templated":true}]}}