{"id":1368,"date":"2020-12-10T14:25:52","date_gmt":"2020-12-10T14:25:52","guid":{"rendered":"https:\/\/cecip.org.br\/narrativasdepaz\/?p=1368"},"modified":"2022-07-15T14:48:30","modified_gmt":"2022-07-15T14:48:30","slug":"sistematizacao-do-projeto-narrativas-de-paz-2","status":"publish","type":"post","link":"https:\/\/cecip.org.br\/narrativasdepaz\/2020\/12\/10\/sistematizacao-do-projeto-narrativas-de-paz-2\/","title":{"rendered":"Sistematiza\u00e7\u00e3o do projeto Narrativas de Paz"},"content":{"rendered":"<p>[vc_row][vc_column width=&#8221;1\/2&#8243;][vc_column_text text_lead=&#8221;yes&#8221;]Para conhecer como e com quem o projeto Narrativas de Paz come\u00e7ou.<\/p>\n<p>Em 2019 trilhamos novos caminhos para pensar a primeira inf\u00e2ncia e a Cultura de Paz no bairro de Santa Teresa, cidade do Rio de Janeiro. Foi um linda descoberta que queremos compartilhar com voc\u00eas por meio da nossa publica\u00e7\u00e3o: mod\u00e9stia \u00e0 parte, est\u00e1 um encanto!<\/p>\n<p>A publica\u00e7\u00e3o est\u00e1 dispon\u00edvel on-line.<br \/>\n<strong><a href=\"https:\/\/www.cecip.org.br\/site\/wp-content\/uploads\/2020\/08\/PUBLICA%C3%87%C3%83O-NARRATIVAS-DE-PAZ-FINALL.pdf\" target=\"_blank\" rel=\"noopener\">Clique aqui, baixe, leia e compartilhe!<\/a><\/strong>[\/vc_column_text][\/vc_column][vc_column width=&#8221;1\/2&#8243;][vc_single_image media=&#8221;1378&#8243; media_width_percent=&#8221;70&#8243; media_link=&#8221;url:https%3A%2F%2Fwww.cecip.org.br%2Fsite%2Fwp-content%2Fuploads%2F2020%2F08%2FPUBLICA%25C3%2587%25C3%2583O-NARRATIVAS-DE-PAZ-FINALL.pdf|title:Sistematiza%C3%A7%C3%A3o%20do%20projeto%20Narrativas%20de%20Paz|target:_blank&#8221;][\/vc_column][\/vc_row]<\/p>\n","protected":false},"excerpt":{"rendered":"<p>[vc_row][vc_column width=&#8221;1\/2&#8243;][vc_column_text text_lead=&#8221;yes&#8221;]Para conhecer como e com quem o projeto Narrativas de Paz come\u00e7ou. Em 2019 trilhamos novos caminhos para [&hellip;]<\/p>\n","protected":false},"author":1,"featured_media":1378,"comment_status":"closed","ping_status":"closed","sticky":false,"template":"","format":"standard","meta":[],"categories":[1,15],"tags":[],"_links":{"self":[{"href":"https:\/\/cecip.org.br\/narrativasdepaz\/wp-json\/wp\/v2\/posts\/1368"}],"collection":[{"href":"https:\/\/cecip.org.br\/narrativasdepaz\/wp-json\/wp\/v2\/posts"}],"about":[{"href":"https:\/\/cecip.org.br\/narrativasdepaz\/wp-json\/wp\/v2\/types\/post"}],"author":[{"embeddable":true,"href":"https:\/\/cecip.org.br\/narrativasdepaz\/wp-json\/wp\/v2\/users\/1"}],"replies":[{"embeddable":true,"href":"https:\/\/cecip.org.br\/narrativasdepaz\/wp-json\/wp\/v2\/comments?post=1368"}],"version-history":[{"count":5,"href":"https:\/\/cecip.org.br\/narrativasdepaz\/wp-json\/wp\/v2\/posts\/1368\/revisions"}],"predecessor-version":[{"id":1375,"href":"https:\/\/cecip.org.br\/narrativasdepaz\/wp-json\/wp\/v2\/posts\/1368\/revisions\/1375"}],"wp:featuredmedia":[{"embeddable":true,"href":"https:\/\/cecip.org.br\/narrativasdepaz\/wp-json\/wp\/v2\/media\/1378"}],"wp:attachment":[{"href":"https:\/\/cecip.org.br\/narrativasdepaz\/wp-json\/wp\/v2\/media?parent=1368"}],"wp:term":[{"taxonomy":"category","embeddable":true,"href":"https:\/\/cecip.org.br\/narrativasdepaz\/wp-json\/wp\/v2\/categories?post=1368"},{"taxonomy":"post_tag","embeddable":true,"href":"https:\/\/cecip.org.br\/narrativasdepaz\/wp-json\/wp\/v2\/tags?post=1368"}],"curies":[{"name":"wp","href":"https:\/\/api.w.org\/{rel}","templated":true}]}}