{"id":278,"date":"2020-11-18T06:20:42","date_gmt":"2020-11-18T06:20:42","guid":{"rendered":"https:\/\/cecip.org.br\/narrativasdepaz\/?p=278"},"modified":"2022-02-21T21:04:45","modified_gmt":"2022-02-21T21:04:45","slug":"mob-pi-participacao-infantil-nas-politicas-publicas-de-mobilidade-urbana","status":"publish","type":"post","link":"https:\/\/cecip.org.br\/narrativasdepaz\/2020\/11\/18\/mob-pi-participacao-infantil-nas-politicas-publicas-de-mobilidade-urbana\/","title":{"rendered":"Refer\u00eancias de atividades para escuta em quarentena"},"content":{"rendered":"<p>[vc_row][vc_column width=&#8221;1\/2&#8243;][vc_column_text text_lead=&#8221;yes&#8221;]<span style=\"font-weight: 400;\">MOB.PI \u2013 Participa\u00e7\u00e3o Infantil nas Pol\u00edticas P\u00fablicas de Mobilidade Urbana<br \/>\n<\/span><span style=\"font-weight: 400;\">O que nos dizem as crian\u00e7as em tempos como estes?<\/span><\/p>\n<p><span style=\"font-weight: 400;\">O <a href=\"https:\/\/mobpi.cecip.org.br\/\" target=\"_blank\" rel=\"noopener noreferrer\">MOB.PI &#8211;\u00a0Participa\u00e7\u00e3o Infantil nas Pol\u00edticas P\u00fablicas de Mobilidade Urbana<\/a> mapeou algumas iniciativas de escuta de crian\u00e7as pelo mundo, e ficou t\u00e3o lindo que queremos compartilhar com voc\u00ea.<\/span><\/p>\n<p>A publica\u00e7\u00e3o est\u00e1 dispon\u00edvel para download.<br \/>\n<a href=\"http:\/\/www.cecip.org.br\/site\/wp-content\/uploads\/2020\/06\/2Refere%CC%82ncias-de-Atividades-para-Escuta-em-Quarentena.pdf\" target=\"_blank\" rel=\"noopener noreferrer\">Clique aqui, baixe, leia e compartilhe!<\/a>[\/vc_column_text][\/vc_column][vc_column width=&#8221;1\/2&#8243;][vc_single_image media=&#8221;290&#8243; media_width_percent=&#8221;70&#8243; media_link=&#8221;url:http%3A%2F%2Fwww.cecip.org.br%2Fsite%2Fwp-content%2Fuploads%2F2020%2F06%2F2Refere%25CC%2582ncias-de-Atividades-para-Escuta-em-Quarentena.pdf|title:MOB.PI|target:_blank&#8221;][\/vc_column][\/vc_row]<\/p>\n","protected":false},"excerpt":{"rendered":"<p>[vc_row][vc_column width=&#8221;1\/2&#8243;][vc_column_text text_lead=&#8221;yes&#8221;]MOB.PI \u2013 Participa\u00e7\u00e3o Infantil nas Pol\u00edticas P\u00fablicas de Mobilidade Urbana O que nos dizem as crian\u00e7as em tempos [&hellip;]<\/p>\n","protected":false},"author":1,"featured_media":290,"comment_status":"closed","ping_status":"closed","sticky":false,"template":"","format":"standard","meta":[],"categories":[1,9],"tags":[],"_links":{"self":[{"href":"https:\/\/cecip.org.br\/narrativasdepaz\/wp-json\/wp\/v2\/posts\/278"}],"collection":[{"href":"https:\/\/cecip.org.br\/narrativasdepaz\/wp-json\/wp\/v2\/posts"}],"about":[{"href":"https:\/\/cecip.org.br\/narrativasdepaz\/wp-json\/wp\/v2\/types\/post"}],"author":[{"embeddable":true,"href":"https:\/\/cecip.org.br\/narrativasdepaz\/wp-json\/wp\/v2\/users\/1"}],"replies":[{"embeddable":true,"href":"https:\/\/cecip.org.br\/narrativasdepaz\/wp-json\/wp\/v2\/comments?post=278"}],"version-history":[{"count":22,"href":"https:\/\/cecip.org.br\/narrativasdepaz\/wp-json\/wp\/v2\/posts\/278\/revisions"}],"predecessor-version":[{"id":1197,"href":"https:\/\/cecip.org.br\/narrativasdepaz\/wp-json\/wp\/v2\/posts\/278\/revisions\/1197"}],"wp:featuredmedia":[{"embeddable":true,"href":"https:\/\/cecip.org.br\/narrativasdepaz\/wp-json\/wp\/v2\/media\/290"}],"wp:attachment":[{"href":"https:\/\/cecip.org.br\/narrativasdepaz\/wp-json\/wp\/v2\/media?parent=278"}],"wp:term":[{"taxonomy":"category","embeddable":true,"href":"https:\/\/cecip.org.br\/narrativasdepaz\/wp-json\/wp\/v2\/categories?post=278"},{"taxonomy":"post_tag","embeddable":true,"href":"https:\/\/cecip.org.br\/narrativasdepaz\/wp-json\/wp\/v2\/tags?post=278"}],"curies":[{"name":"wp","href":"https:\/\/api.w.org\/{rel}","templated":true}]}}