{"id":297,"date":"2020-11-18T04:55:42","date_gmt":"2020-11-18T04:55:42","guid":{"rendered":"https:\/\/cecip.org.br\/narrativasdepaz\/?p=297"},"modified":"2023-04-19T13:12:17","modified_gmt":"2023-04-19T13:12:17","slug":"voz-primeira-infancia","status":"publish","type":"post","link":"https:\/\/cecip.org.br\/narrativasdepaz\/2020\/11\/18\/voz-primeira-infancia\/","title":{"rendered":"A voz da primeira inf\u00e2ncia"},"content":{"rendered":"<p>[vc_row][vc_column width=&#8221;1\/1&#8243;][vc_column_text text_lead=&#8221;yes&#8221;]<span style=\"font-weight: 400;\">O dia 24 de agosto \u00e9 o Dia da Inf\u00e2ncia, e esse \u00e9 um convite para refletir sobre as condi\u00e7\u00f5es que vivem as crian\u00e7as no mundo. Soraia Melo, integrante de projetos de primeira inf\u00e2ncia do Cecip \u2013 <\/span><b>Narrativas de Paz<\/b><span style=\"font-weight: 400;\"> e o <\/span><a href=\"http:\/\/www.cecip.org.br\/site\/pmpi-curso-online-sobre-planos-municipais-pela-primeira-infancia\/\" target=\"_blank\" rel=\"noopener\"><b>Curso de Elabora\u00e7\u00e3o de Planos Municipais pela Primeira Inf\u00e2ncia<\/b><\/a><span style=\"font-weight: 400;\"> &#8211; escreveu o artigo A Voz da Primeira Inf\u00e2ncia, para o CMDCA, <\/span><a href=\"http:\/\/www.cecip.org.br\/site\/wp-content\/uploads\/2020\/08\/AP-INFORMATIVO_AGOSTO_PB-final.pdf\" target=\"_blank\" rel=\"noopener\"><b>leia a publica\u00e7\u00e3o na \u00edntegra aqui.<\/b><\/a>[\/vc_column_text][\/vc_column][\/vc_row]<\/p>\n","protected":false},"excerpt":{"rendered":"<p>[vc_row][vc_column width=&#8221;1\/1&#8243;][vc_column_text text_lead=&#8221;yes&#8221;]O dia 24 de agosto \u00e9 o Dia da Inf\u00e2ncia, e esse \u00e9 um convite para refletir sobre [&hellip;]<\/p>\n","protected":false},"author":1,"featured_media":298,"comment_status":"closed","ping_status":"closed","sticky":false,"template":"","format":"standard","meta":[],"categories":[1,9],"tags":[],"_links":{"self":[{"href":"https:\/\/cecip.org.br\/narrativasdepaz\/wp-json\/wp\/v2\/posts\/297"}],"collection":[{"href":"https:\/\/cecip.org.br\/narrativasdepaz\/wp-json\/wp\/v2\/posts"}],"about":[{"href":"https:\/\/cecip.org.br\/narrativasdepaz\/wp-json\/wp\/v2\/types\/post"}],"author":[{"embeddable":true,"href":"https:\/\/cecip.org.br\/narrativasdepaz\/wp-json\/wp\/v2\/users\/1"}],"replies":[{"embeddable":true,"href":"https:\/\/cecip.org.br\/narrativasdepaz\/wp-json\/wp\/v2\/comments?post=297"}],"version-history":[{"count":8,"href":"https:\/\/cecip.org.br\/narrativasdepaz\/wp-json\/wp\/v2\/posts\/297\/revisions"}],"predecessor-version":[{"id":690,"href":"https:\/\/cecip.org.br\/narrativasdepaz\/wp-json\/wp\/v2\/posts\/297\/revisions\/690"}],"wp:featuredmedia":[{"embeddable":true,"href":"https:\/\/cecip.org.br\/narrativasdepaz\/wp-json\/wp\/v2\/media\/298"}],"wp:attachment":[{"href":"https:\/\/cecip.org.br\/narrativasdepaz\/wp-json\/wp\/v2\/media?parent=297"}],"wp:term":[{"taxonomy":"category","embeddable":true,"href":"https:\/\/cecip.org.br\/narrativasdepaz\/wp-json\/wp\/v2\/categories?post=297"},{"taxonomy":"post_tag","embeddable":true,"href":"https:\/\/cecip.org.br\/narrativasdepaz\/wp-json\/wp\/v2\/tags?post=297"}],"curies":[{"name":"wp","href":"https:\/\/api.w.org\/{rel}","templated":true}]}}