{"id":300,"date":"2020-11-18T05:02:47","date_gmt":"2020-11-18T05:02:47","guid":{"rendered":"https:\/\/cecip.org.br\/narrativasdepaz\/?p=300"},"modified":"2021-06-24T23:29:05","modified_gmt":"2021-06-24T23:29:05","slug":"colecao-compartilhando-experiencias","status":"publish","type":"post","link":"https:\/\/cecip.org.br\/narrativasdepaz\/2020\/11\/18\/colecao-compartilhando-experiencias\/","title":{"rendered":"Cole\u00e7\u00e3o Compartilhando Experi\u00eancias"},"content":{"rendered":"<p>[vc_row][vc_column width=&#8221;1\/1&#8243;][vc_custom_heading text_font=&#8221;font-555555&#8243; text_size=&#8221;h4&#8243; text_color=&#8221;color-738379&#8243; sub_lead=&#8221;yes&#8221;]Publica\u00e7\u00f5es de atividades pedag\u00f3gicas realizadas em creches na Rocinha.[\/vc_custom_heading][vc_column_text text_lead=&#8221;yes&#8221;]<span style=\"font-weight: 400;\">A cole\u00e7\u00e3o <\/span><b>Compartilhando Experi\u00eancias<\/b><span style=\"font-weight: 400;\">, composta de 4 cadernos, apresenta atividades desenvolvidas em oficinas que aconteceram em creches da Rocinha \u2013 bairro da Zona Sul do Rio de Janeiro \u2013 participantes dos projetos <\/span><a href=\"http:\/\/www.cecip.org.br\/site\/de-maos-dadas-2\/\" target=\"_blank\" rel=\"noopener noreferrer\"><b>De m\u00e3os dadas por uma creche de qualidade <\/b><\/a><span style=\"font-weight: 400;\">e <\/span><a href=\"http:\/\/www.cecip.org.br\/site\/ganhando-autonomia\/\" target=\"_blank\" rel=\"noopener noreferrer\"><b>Ganhando Autonomia<\/b><span style=\"font-weight: 400;\">.<\/span><\/a><\/p>\n<p><span style=\"font-weight: 400;\">Os projetos, desenvolvidos pelo CECIP em parceria com o Instituto Dynamo, promoveram a forma\u00e7\u00e3o de gestoras de creches com o objetivo de melhorar o atendimento \u00e0 primeira inf\u00e2ncia, investindo na qualifica\u00e7\u00e3o das profissionais, na adequa\u00e7\u00e3o dos espa\u00e7os e na forma\u00e7\u00e3o de uma rede de creches na comunidade.<\/span><\/p>\n<p><span style=\"font-weight: 400;\">Em oficinas mensais, as gestoras das institui\u00e7\u00f5es compartilharam experi\u00eancias e reflex\u00f5es, estimuladas por leituras, din\u00e2micas de grupo e acesso a variados materiais educativos. Identificaram suas pr\u00f3prias demandas e criaram planos para aprimorar o atendimento em suas creches. Al\u00e9m desses encontros, a equipe do CECIP realizou um acompanhamento semanal em cada creche para apoiar as gestoras no diagn\u00f3stico e prioriza\u00e7\u00e3o dos problemas que enfrentam no dia a dia.<\/span><\/p>\n<p><span style=\"font-weight: 400;\">Com o objetivo de aumentar o repert\u00f3rio de atividades nas creches, especialistas em diferentes linguagens art\u00edsticas, como m\u00fasica, literatura e artes pl\u00e1sticas, realizaram oficinas nas creches com os educadores e as crian\u00e7as. As propostas tiradas dessas oficinas e apresentadas nas publica\u00e7\u00f5es podem ser uma fonte de inspira\u00e7\u00e3o para voc\u00ea, que atua junto a crian\u00e7as de at\u00e9 quatro anos (e mais velhas tamb\u00e9m!).<\/span>[\/vc_column_text][vc_custom_heading text_font=&#8221;font-315019&#8243; text_size=&#8221;fontsize-192918&#8243; text_color=&#8221;color-738379&#8243;]Publica\u00e7\u00f5es[\/vc_custom_heading][vc_row_inner limit_content=&#8221;&#8221;][vc_column_inner column_width_percent=&#8221;100&#8243; gutter_size=&#8221;3&#8243; back_color=&#8221;color-208561&#8243; overlay_alpha=&#8221;50&#8243; shift_x=&#8221;0&#8243; shift_y=&#8221;0&#8243; shift_y_down=&#8221;0&#8243; z_index=&#8221;0&#8243; medium_width=&#8221;0&#8243; mobile_width=&#8221;0&#8243; width=&#8221;1\/2&#8243;][vc_custom_heading heading_semantic=&#8221;h3&#8243; text_size=&#8221;h3&#8243; text_color=&#8221;color-xsdn&#8221;]Atividades essenciais com crian\u00e7as de 0 a 4 anos[\/vc_custom_heading][vc_column_text text_lead=&#8221;yes&#8221;]<span style=\"font-weight: 400;\">O caderno <strong>ATIVIDADES ESSENCIAIS<\/strong>\u00a0apresenta oficinas realizadas com educadoras e crian\u00e7as em creches da Rocinha e Cantagalo, bairros localizados na Zona Sul do Rio de Janeiro, participantes do projeto D<\/span><b>e M\u00e3os Dadas por uma Creche de Qualidade<\/b><span style=\"font-weight: 400;\">.<\/span><\/p>\n<p><a href=\"http:\/\/www.cecip.org.br\/site\/wp-content\/uploads\/2018\/05\/CECIP-Cad_AtividadesEssencais_eBook.pdf\" target=\"_blank\" rel=\"noopener noreferrer\"><b>Dispon\u00edvel para leitura online e download aqui.\u00a0<\/b><\/a>[\/vc_column_text][vc_single_image media=&#8221;942&#8243; media_width_percent=&#8221;100&#8243; media_link=&#8221;url:http%3A%2F%2Fwww.cecip.org.br%2Fsite%2Fwp-content%2Fuploads%2F2018%2F05%2FCECIP-Cad_AtividadesEssencais_eBook.pdf|target:_blank&#8221;][\/vc_column_inner][vc_column_inner column_width_percent=&#8221;100&#8243; gutter_size=&#8221;3&#8243; back_color=&#8221;color-150545&#8243; overlay_alpha=&#8221;50&#8243; shift_x=&#8221;0&#8243; shift_y=&#8221;0&#8243; shift_y_down=&#8221;0&#8243; z_index=&#8221;0&#8243; medium_width=&#8221;0&#8243; mobile_width=&#8221;0&#8243; width=&#8221;1\/2&#8243;][vc_custom_heading heading_semantic=&#8221;h3&#8243; text_size=&#8221;h3&#8243; text_color=&#8221;color-xsdn&#8221;]Atividades de artes pl\u00e1sticas com crian\u00e7as de at\u00e9 quatro anos[\/vc_custom_heading][vc_column_text text_lead=&#8221;yes&#8221;]<span style=\"font-weight: 400;\">O caderno <strong>ATIVIDADES DE ARTES PL\u00c1STICAS<\/strong>\u00a0\u00e9 fruto de experi\u00eancias de artes pl\u00e1sticas desenvolvidas com educadoras e crian\u00e7as em algumas creches da Rocinha. Ele registra o passo a passo, resultados e sugest\u00f5es de dez atividades de artes pl\u00e1sticas realizadas no projeto <strong>De M\u00e3os Dadas por uma Creche de Qualidade<\/strong> com parceria do Instituto Dynamo. Entendemos que as atividades de artes devem possibilitar a express\u00e3o livre da crian\u00e7a, bem como a explora\u00e7\u00e3o da experimenta\u00e7\u00e3o de diferentes materiais<\/span><b>.<\/b><\/p>\n<p><a href=\"http:\/\/www.cecip.org.br\/site\/wp-content\/uploads\/2015\/06\/CECIP_ArtesPLasticas_ebook_ok.pdf\" target=\"_blank\" rel=\"noopener noreferrer\"><b>Dispon\u00edvel para leitura online e download aqui.\u00a0<\/b><\/a>[\/vc_column_text][vc_single_image media=&#8221;943&#8243; media_width_percent=&#8221;100&#8243; media_link=&#8221;url:http%3A%2F%2Fwww.cecip.org.br%2Fsite%2Fwp-content%2Fuploads%2F2015%2F06%2FCECIP_ArtesPLasticas_ebook_ok.pdf|target:_blank&#8221;][\/vc_column_inner][\/vc_row_inner][vc_row_inner limit_content=&#8221;&#8221;][vc_column_inner column_width_percent=&#8221;100&#8243; gutter_size=&#8221;3&#8243; back_color=&#8221;color-117259&#8243; overlay_alpha=&#8221;50&#8243; shift_x=&#8221;0&#8243; shift_y=&#8221;0&#8243; shift_y_down=&#8221;0&#8243; z_index=&#8221;0&#8243; medium_width=&#8221;0&#8243; mobile_width=&#8221;0&#8243; width=&#8221;1\/2&#8243;][vc_custom_heading heading_semantic=&#8221;h3&#8243; text_size=&#8221;h3&#8243; text_color=&#8221;color-xsdn&#8221;]Atividades e propostas criativas com crian\u00e7as de at\u00e9 quatro anos[\/vc_custom_heading][vc_column_text text_lead=&#8221;yes&#8221;]<span style=\"font-weight: 400;\">O caderno <strong>ATIVIDADES E PROPOSTAS CRIATIVAS<\/strong> apresenta atividades realizadas com educadoras e crian\u00e7as nas creches da Rocinha, participantes do projeto <strong>Ganhando Autonomia<\/strong> com parceria do instituto Dynamo. Nas propostas apresentadas, voc\u00ea ir\u00e1 encontrar atividades que envolveram diferentes linguagens e desdobramentos. De leitura de literatura infantil \u00e0 pintura de uma caixa que guardou e descortinou muitas surpresas, crian\u00e7as e educadoras mergulharam na imagina\u00e7\u00e3o, leram, brincaram, cantaram, visitaram a obra de uma artista, criaram a partir de sucatas e diversos outros materiais. Isto demonstra que a escuta atenta aos interesses e curiosidades das crian\u00e7as e dos adultos pode provocar novas experi\u00eancias e aprendizados, descobertas e possibilidades que podem tornar o cotidiano da educa\u00e7\u00e3o infantil mais inspirador, cheio de vida, de alegria, numa intensa e produtiva rela\u00e7\u00e3o com a cultura, num clima de criatividade e coopera\u00e7\u00e3o.<\/span><\/p>\n<p><a href=\"http:\/\/www.cecip.org.br\/site\/wp-content\/uploads\/2015\/06\/CECIP_Atividades_Criativas_eBook.pdf\" target=\"_blank\" rel=\"noopener noreferrer\"><b>Dispon\u00edvel para leitura online e download aqui.\u00a0<\/b><\/a>[\/vc_column_text][vc_single_image media=&#8221;944&#8243; media_width_percent=&#8221;100&#8243; media_link=&#8221;url:http%3A%2F%2Fwww.cecip.org.br%2Fsite%2Fwp-content%2Fuploads%2F2015%2F06%2FCECIP_Atividades_Criativas_eBook.pdf|target:_blank&#8221;][\/vc_column_inner][vc_column_inner column_width_percent=&#8221;100&#8243; gutter_size=&#8221;3&#8243; back_color=&#8221;color-118042&#8243; overlay_alpha=&#8221;50&#8243; shift_x=&#8221;0&#8243; shift_y=&#8221;0&#8243; shift_y_down=&#8221;0&#8243; z_index=&#8221;0&#8243; medium_width=&#8221;0&#8243; mobile_width=&#8221;0&#8243; width=&#8221;1\/2&#8243;][vc_custom_heading heading_semantic=&#8221;h3&#8243; text_size=&#8221;h3&#8243; text_color=&#8221;color-xsdn&#8221;]Atividades musicais com crian\u00e7as de at\u00e9 quatro anos[\/vc_custom_heading][vc_column_text text_lead=&#8221;yes&#8221;]<span style=\"font-weight: 400;\">O caderno <strong>ATIVIDADES MUSICAIS <\/strong>apresenta atividades de m\u00fasica realizadas com educadoras e crian\u00e7as nas creches da Rocinha, participantes do projeto <strong>Ganhando Autonomia<\/strong> com parceria do Instituto Dynamo. Entendemos que, ao entrarem em contato com a m\u00fasica na creche, as crian\u00e7as vivenciam a alegria e o prazer que est\u00e3o associados a todo o processo de aprendizagem, individual ou coletivo. Nas atividades, as crian\u00e7as cantam, inventam sons, experimentam diferentes ritmos, e at\u00e9 constroem seus pr\u00f3prios instrumentos musicais, brincando e expressando-se livremente. Com isso, as educadoras tamb\u00e9m aprendem e todos se divertem.<\/span><\/p>\n<p><a href=\"http:\/\/www.cecip.org.br\/site\/wp-content\/uploads\/2015\/06\/CECIP_Atividades_Musicais_eBook.pdf\" target=\"_blank\" rel=\"noopener noreferrer\"><b>Dispon\u00edvel para leitura online e download aqui.\u00a0<\/b><\/a>[\/vc_column_text][vc_single_image media=&#8221;945&#8243; media_width_percent=&#8221;100&#8243; media_link=&#8221;url:http%3A%2F%2Fwww.cecip.org.br%2Fsite%2Fwp-content%2Fuploads%2F2015%2F06%2FCECIP_Atividades_Musicais_eBook.pdf|target:_blank&#8221;][\/vc_column_inner][\/vc_row_inner][\/vc_column][\/vc_row]<\/p>\n","protected":false},"excerpt":{"rendered":"<p>[vc_row][vc_column width=&#8221;1\/1&#8243;][vc_custom_heading text_font=&#8221;font-555555&#8243; text_size=&#8221;h4&#8243; text_color=&#8221;color-738379&#8243; sub_lead=&#8221;yes&#8221;]Publica\u00e7\u00f5es de atividades pedag\u00f3gicas realizadas em creches na Rocinha.[\/vc_custom_heading][vc_column_text text_lead=&#8221;yes&#8221;]A cole\u00e7\u00e3o Compartilhando Experi\u00eancias, composta de [&hellip;]<\/p>\n","protected":false},"author":1,"featured_media":756,"comment_status":"closed","ping_status":"closed","sticky":false,"template":"","format":"standard","meta":[],"categories":[1,9],"tags":[],"_links":{"self":[{"href":"https:\/\/cecip.org.br\/narrativasdepaz\/wp-json\/wp\/v2\/posts\/300"}],"collection":[{"href":"https:\/\/cecip.org.br\/narrativasdepaz\/wp-json\/wp\/v2\/posts"}],"about":[{"href":"https:\/\/cecip.org.br\/narrativasdepaz\/wp-json\/wp\/v2\/types\/post"}],"author":[{"embeddable":true,"href":"https:\/\/cecip.org.br\/narrativasdepaz\/wp-json\/wp\/v2\/users\/1"}],"replies":[{"embeddable":true,"href":"https:\/\/cecip.org.br\/narrativasdepaz\/wp-json\/wp\/v2\/comments?post=300"}],"version-history":[{"count":25,"href":"https:\/\/cecip.org.br\/narrativasdepaz\/wp-json\/wp\/v2\/posts\/300\/revisions"}],"predecessor-version":[{"id":947,"href":"https:\/\/cecip.org.br\/narrativasdepaz\/wp-json\/wp\/v2\/posts\/300\/revisions\/947"}],"wp:featuredmedia":[{"embeddable":true,"href":"https:\/\/cecip.org.br\/narrativasdepaz\/wp-json\/wp\/v2\/media\/756"}],"wp:attachment":[{"href":"https:\/\/cecip.org.br\/narrativasdepaz\/wp-json\/wp\/v2\/media?parent=300"}],"wp:term":[{"taxonomy":"category","embeddable":true,"href":"https:\/\/cecip.org.br\/narrativasdepaz\/wp-json\/wp\/v2\/categories?post=300"},{"taxonomy":"post_tag","embeddable":true,"href":"https:\/\/cecip.org.br\/narrativasdepaz\/wp-json\/wp\/v2\/tags?post=300"}],"curies":[{"name":"wp","href":"https:\/\/api.w.org\/{rel}","templated":true}]}}