{"id":329,"date":"2020-11-18T06:10:44","date_gmt":"2020-11-18T06:10:44","guid":{"rendered":"https:\/\/cecip.org.br\/narrativasdepaz\/?p=329"},"modified":"2020-12-10T12:57:11","modified_gmt":"2020-12-10T12:57:11","slug":"doc-demaosdadas","status":"publish","type":"post","link":"https:\/\/cecip.org.br\/narrativasdepaz\/2020\/11\/18\/doc-demaosdadas\/","title":{"rendered":"Document\u00e1rio: De M\u00e3os Dadas por uma Creche de qualidade"},"content":{"rendered":"<p>[vc_row][vc_column width=&#8221;1\/2&#8243;][vc_column_text text_lead=&#8221;yes&#8221;]<span style=\"font-weight: 400;\">Document\u00e1rio: De M\u00e3os dadas por uma creche de qualidade, gestoras de creche da Rocinha contam como foi o projeto e quais foram os ganhos para sua pr\u00e1tica. O projeto foi uma parceria entre o Instituto Dynamo e o CECIP (Centro de Cria\u00e7\u00e3o de Imagem Popular) teve in\u00edcio em 2012 e se encerrou em Dezembro de 2013.<\/span><\/p>\n<p><a href=\"https:\/\/www.youtube.com\/watch?v=FtcTtv-bq_w&amp;feature=youtu.be\"><span style=\"font-weight: 400;\">Link para o doc no Youtube<\/span><\/a>[\/vc_column_text][vc_column_text text_lead=&#8221;yes&#8221;]<strong>Equipe t\u00e9cnica:<\/strong><\/p>\n<p><span style=\"font-weight: 400;\">C\u00e2meras:<br \/>\n<\/span><span style=\"font-weight: 400;\">Carlos Andr\u00e9 Rocha<br \/>\n<\/span><span style=\"font-weight: 400;\">Flavio Ceccon<br \/>\n<\/span><span style=\"font-weight: 400;\">Jo\u00e3o Aranha<br \/>\n<\/span><span style=\"font-weight: 400;\">Gilmar Altamiro<\/span><\/p>\n<p><span style=\"font-weight: 400;\">Edi\u00e7\u00e3o:<br \/>\n<\/span><span style=\"font-weight: 400;\">Flavio e Jovelina Ceccon<\/span><\/p>\n<p><span style=\"font-weight: 400;\">Dura\u00e7\u00e3o 14 min.<\/span><\/p>\n<p><span style=\"font-weight: 400;\">Flavio Ceccon<\/span><\/p>\n<p><strong>Audiovisual CECIP<\/strong>[\/vc_column_text][\/vc_column][vc_column width=&#8221;1\/2&#8243;][vc_raw_html]JTNDaWZyYW1lJTIwd2lkdGglM0QlMjI1NjAlMjIlMjBoZWlnaHQlM0QlMjIzMTUlMjIlMjBzcmMlM0QlMjJodHRwcyUzQSUyRiUyRnd3dy55b3V0dWJlLmNvbSUyRmVtYmVkJTJGRnRjVHR2LWJxX3clMjIlMjBmcmFtZWJvcmRlciUzRCUyMjAlMjIlMjBhbGxvdyUzRCUyMmFjY2VsZXJvbWV0ZXIlM0IlMjBhdXRvcGxheSUzQiUyMGNsaXBib2FyZC13cml0ZSUzQiUyMGVuY3J5cHRlZC1tZWRpYSUzQiUyMGd5cm9zY29wZSUzQiUyMHBpY3R1cmUtaW4tcGljdHVyZSUyMiUyMGFsbG93ZnVsbHNjcmVlbiUzRSUzQyUyRmlmcmFtZSUzRQ==[\/vc_raw_html][\/vc_column][\/vc_row]<\/p>\n","protected":false},"excerpt":{"rendered":"<p>[vc_row][vc_column width=&#8221;1\/2&#8243;][vc_column_text text_lead=&#8221;yes&#8221;]Document\u00e1rio: De M\u00e3os dadas por uma creche de qualidade, gestoras de creche da Rocinha contam como foi o [&hellip;]<\/p>\n","protected":false},"author":1,"featured_media":331,"comment_status":"closed","ping_status":"closed","sticky":false,"template":"","format":"standard","meta":[],"categories":[1,9],"tags":[],"_links":{"self":[{"href":"https:\/\/cecip.org.br\/narrativasdepaz\/wp-json\/wp\/v2\/posts\/329"}],"collection":[{"href":"https:\/\/cecip.org.br\/narrativasdepaz\/wp-json\/wp\/v2\/posts"}],"about":[{"href":"https:\/\/cecip.org.br\/narrativasdepaz\/wp-json\/wp\/v2\/types\/post"}],"author":[{"embeddable":true,"href":"https:\/\/cecip.org.br\/narrativasdepaz\/wp-json\/wp\/v2\/users\/1"}],"replies":[{"embeddable":true,"href":"https:\/\/cecip.org.br\/narrativasdepaz\/wp-json\/wp\/v2\/comments?post=329"}],"version-history":[{"count":5,"href":"https:\/\/cecip.org.br\/narrativasdepaz\/wp-json\/wp\/v2\/posts\/329\/revisions"}],"predecessor-version":[{"id":692,"href":"https:\/\/cecip.org.br\/narrativasdepaz\/wp-json\/wp\/v2\/posts\/329\/revisions\/692"}],"wp:featuredmedia":[{"embeddable":true,"href":"https:\/\/cecip.org.br\/narrativasdepaz\/wp-json\/wp\/v2\/media\/331"}],"wp:attachment":[{"href":"https:\/\/cecip.org.br\/narrativasdepaz\/wp-json\/wp\/v2\/media?parent=329"}],"wp:term":[{"taxonomy":"category","embeddable":true,"href":"https:\/\/cecip.org.br\/narrativasdepaz\/wp-json\/wp\/v2\/categories?post=329"},{"taxonomy":"post_tag","embeddable":true,"href":"https:\/\/cecip.org.br\/narrativasdepaz\/wp-json\/wp\/v2\/tags?post=329"}],"curies":[{"name":"wp","href":"https:\/\/api.w.org\/{rel}","templated":true}]}}