{"id":335,"date":"2020-11-18T06:10:25","date_gmt":"2020-11-18T06:10:25","guid":{"rendered":"https:\/\/cecip.org.br\/narrativasdepaz\/?p=335"},"modified":"2021-01-13T16:56:36","modified_gmt":"2021-01-13T16:56:36","slug":"comonasceprojeto-2","status":"publish","type":"post","link":"https:\/\/cecip.org.br\/narrativasdepaz\/2020\/11\/18\/comonasceprojeto-2\/","title":{"rendered":"Como nasce um projeto de sala"},"content":{"rendered":"<p>[vc_row][vc_column width=&#8221;1\/2&#8243;][vc_column_text text_lead=&#8221;yes&#8221;]<span style=\"font-weight: 400;\">Para estimular as creches a criarem projetos a partir do interesse das crian\u00e7as, o <\/span><a href=\"http:\/\/www.cecip.org.br\/site\/de-maos-dadas-2\/\"><b>projeto De m\u00e3os dadas por uma creche de qualidade<\/b><\/a><span style=\"font-weight: 400;\"> \u2013 do <\/span><a href=\"https:\/\/www.facebook.com\/cecip.org.br\/\"><b>CECIP \u2013 Centro de Cria\u00e7\u00e3o de Imagem Popular<\/b><\/a><span style=\"font-weight: 400;\">, em parceria com o Instituto Dynamo \u2013 produziu este v\u00eddeo, num registro realizado na Creche Escola do Cantagalo, sobre o processo do nascimento de um projeto de sala, desde a observa\u00e7\u00e3o das crian\u00e7as at\u00e9 a execu\u00e7\u00e3o da proposta.<\/span><\/p>\n<p><a href=\"https:\/\/youtu.be\/w5DCwcoedg4\"><span style=\"font-weight: 400;\">Link\u00a0 para o v\u00eddeo no Youtube<\/span><\/a><\/p>\n<p><span style=\"font-weight: 400;\">V\u00eddeo: L\u00fadica Produ\u00e7\u00f5es \u2013 Rio de Janeiro 2018<\/span>[\/vc_column_text][\/vc_column][vc_column width=&#8221;1\/2&#8243;][vc_raw_html]JTNDaWZyYW1lJTIwd2lkdGglM0QlMjI1NjAlMjIlMjBoZWlnaHQlM0QlMjIzMTUlMjIlMjBzcmMlM0QlMjJodHRwcyUzQSUyRiUyRnd3dy55b3V0dWJlLmNvbSUyRmVtYmVkJTJGdzVEQ3djb2VkZzQlMjIlMjBmcmFtZWJvcmRlciUzRCUyMjAlMjIlMjBhbGxvdyUzRCUyMmFjY2VsZXJvbWV0ZXIlM0IlMjBhdXRvcGxheSUzQiUyMGNsaXBib2FyZC13cml0ZSUzQiUyMGVuY3J5cHRlZC1tZWRpYSUzQiUyMGd5cm9zY29wZSUzQiUyMHBpY3R1cmUtaW4tcGljdHVyZSUyMiUyMGFsbG93ZnVsbHNjcmVlbiUzRSUzQyUyRmlmcmFtZSUzRQ==[\/vc_raw_html][\/vc_column][\/vc_row]<\/p>\n","protected":false},"excerpt":{"rendered":"<p>[vc_row][vc_column width=&#8221;1\/2&#8243;][vc_column_text text_lead=&#8221;yes&#8221;]Para estimular as creches a criarem projetos a partir do interesse das crian\u00e7as, o projeto De m\u00e3os dadas [&hellip;]<\/p>\n","protected":false},"author":1,"featured_media":755,"comment_status":"closed","ping_status":"closed","sticky":false,"template":"","format":"standard","meta":[],"categories":[1,9],"tags":[],"_links":{"self":[{"href":"https:\/\/cecip.org.br\/narrativasdepaz\/wp-json\/wp\/v2\/posts\/335"}],"collection":[{"href":"https:\/\/cecip.org.br\/narrativasdepaz\/wp-json\/wp\/v2\/posts"}],"about":[{"href":"https:\/\/cecip.org.br\/narrativasdepaz\/wp-json\/wp\/v2\/types\/post"}],"author":[{"embeddable":true,"href":"https:\/\/cecip.org.br\/narrativasdepaz\/wp-json\/wp\/v2\/users\/1"}],"replies":[{"embeddable":true,"href":"https:\/\/cecip.org.br\/narrativasdepaz\/wp-json\/wp\/v2\/comments?post=335"}],"version-history":[{"count":4,"href":"https:\/\/cecip.org.br\/narrativasdepaz\/wp-json\/wp\/v2\/posts\/335\/revisions"}],"predecessor-version":[{"id":804,"href":"https:\/\/cecip.org.br\/narrativasdepaz\/wp-json\/wp\/v2\/posts\/335\/revisions\/804"}],"wp:featuredmedia":[{"embeddable":true,"href":"https:\/\/cecip.org.br\/narrativasdepaz\/wp-json\/wp\/v2\/media\/755"}],"wp:attachment":[{"href":"https:\/\/cecip.org.br\/narrativasdepaz\/wp-json\/wp\/v2\/media?parent=335"}],"wp:term":[{"taxonomy":"category","embeddable":true,"href":"https:\/\/cecip.org.br\/narrativasdepaz\/wp-json\/wp\/v2\/categories?post=335"},{"taxonomy":"post_tag","embeddable":true,"href":"https:\/\/cecip.org.br\/narrativasdepaz\/wp-json\/wp\/v2\/tags?post=335"}],"curies":[{"name":"wp","href":"https:\/\/api.w.org\/{rel}","templated":true}]}}