{"id":400,"date":"2020-11-12T13:46:03","date_gmt":"2020-11-12T13:46:03","guid":{"rendered":"https:\/\/cecip.org.br\/narrativasdepaz\/?p=400"},"modified":"2022-04-19T01:08:52","modified_gmt":"2022-04-19T01:08:52","slug":"seminario-politicas-publicas-para-primeira-infancia","status":"publish","type":"post","link":"https:\/\/cecip.org.br\/narrativasdepaz\/2020\/11\/12\/seminario-politicas-publicas-para-primeira-infancia\/","title":{"rendered":"Semin\u00e1rio Pol\u00edticas P\u00fablicas para Primeira Inf\u00e2ncia"},"content":{"rendered":"<p>[vc_row][vc_column][vc_single_image media=&#8221;642&#8243; media_width_percent=&#8221;66&#8243;][vc_column_text text_lead=&#8221;yes&#8221;]<\/p>\n<div class=\"kvgmc6g5 cxmmr5t8 oygrvhab hcukyx3x c1et5uql ii04i59q\">\n<div dir=\"auto\">Um momento para criar espa\u00e7os de escuta sobre a import\u00e2ncia das pol\u00edticas para a primeira inf\u00e2ncia e a cultura de paz! Foi assim que o projeto Narrativas de Paz, do Cecip, participou de forma remota, no dia 12 de novembro, do I Semin\u00e1rio de Pol\u00edticas P\u00fablicas para Primeira Inf\u00e2ncia, promovido pela Universidade de Vassouras, campus Maric\u00e1.<\/div>\n<div dir=\"auto\">O convite partiu de V\u00e2nia Dutra, docente da universidade no curso de Servi\u00e7o Social, comprometida com as a\u00e7\u00f5es de primeira inf\u00e2ncia do Rio de Janeiro e regi\u00e3o, e teve como representantes do Cecip Elisa Brazil e Soraia Melo.<\/div>\n<div dir=\"auto\">Foi um momento de lembrar das brincadeiras e refletir sobre a import\u00e2ncia da primeira inf\u00e2ncia, al\u00e9m de compartilhar as experi\u00eancias dos projetos do Cecip, influenciando pol\u00edticas p\u00fablicas e atuando na cultura de paz.<\/div>\n<div dir=\"auto\">No fechamento, os estudantes do curso de Servi\u00e7o Social lembraram sobre a necessidade de mais escuta na inf\u00e2ncia e como hoje, t\u00eam a oportunidade de ressignificar suas pr\u00f3prias hist\u00f3rias.<\/div>\n<\/div>\n<p>[\/vc_column_text][vc_button button_color=&#8221;color-208561&#8243; border_width=&#8221;0&#8243; link=&#8221;url:https%3A%2F%2Fwww.youtube.com%2Fwatch%3Fv%3DirEWofNWG4s%26feature%3Dyoutu.be|target:_blank&#8221;]Assista o semin\u00e1rio no YouTube[\/vc_button][\/vc_column][\/vc_row][vc_row][vc_column column_width_percent=&#8221;100&#8243; align_horizontal=&#8221;align_right&#8221; gutter_size=&#8221;3&#8243; overlay_alpha=&#8221;50&#8243; shift_x=&#8221;0&#8243; shift_y=&#8221;0&#8243; shift_y_down=&#8221;0&#8243; z_index=&#8221;0&#8243; medium_width=&#8221;0&#8243; mobile_width=&#8221;0&#8243; width=&#8221;1\/1&#8243;][vc_button button_color=&#8221;color-532360&#8243; border_width=&#8221;0&#8243; link=&#8221;url:https%3A%2F%2Fcecip.org.br%2Fnarrativasdepaz%2F2020%2F11%2F04%2Fcms-ernani-agricola-completa-77-anos%2F|title:CMS%20Ernani%20Agr%C3%ADcola%20completa%2077%20anos&#8221;]Pr\u00f3xima not\u00edcia[\/vc_button][\/vc_column][\/vc_row]<\/p>\n","protected":false},"excerpt":{"rendered":"<p>[vc_row][vc_column][vc_single_image media=&#8221;642&#8243; media_width_percent=&#8221;66&#8243;][vc_column_text text_lead=&#8221;yes&#8221;] Um momento para criar espa\u00e7os de escuta sobre a import\u00e2ncia das pol\u00edticas para a primeira inf\u00e2ncia [&hellip;]<\/p>\n","protected":false},"author":1,"featured_media":634,"comment_status":"closed","ping_status":"closed","sticky":false,"template":"","format":"standard","meta":[],"categories":[2],"tags":[],"_links":{"self":[{"href":"https:\/\/cecip.org.br\/narrativasdepaz\/wp-json\/wp\/v2\/posts\/400"}],"collection":[{"href":"https:\/\/cecip.org.br\/narrativasdepaz\/wp-json\/wp\/v2\/posts"}],"about":[{"href":"https:\/\/cecip.org.br\/narrativasdepaz\/wp-json\/wp\/v2\/types\/post"}],"author":[{"embeddable":true,"href":"https:\/\/cecip.org.br\/narrativasdepaz\/wp-json\/wp\/v2\/users\/1"}],"replies":[{"embeddable":true,"href":"https:\/\/cecip.org.br\/narrativasdepaz\/wp-json\/wp\/v2\/comments?post=400"}],"version-history":[{"count":15,"href":"https:\/\/cecip.org.br\/narrativasdepaz\/wp-json\/wp\/v2\/posts\/400\/revisions"}],"predecessor-version":[{"id":1283,"href":"https:\/\/cecip.org.br\/narrativasdepaz\/wp-json\/wp\/v2\/posts\/400\/revisions\/1283"}],"wp:featuredmedia":[{"embeddable":true,"href":"https:\/\/cecip.org.br\/narrativasdepaz\/wp-json\/wp\/v2\/media\/634"}],"wp:attachment":[{"href":"https:\/\/cecip.org.br\/narrativasdepaz\/wp-json\/wp\/v2\/media?parent=400"}],"wp:term":[{"taxonomy":"category","embeddable":true,"href":"https:\/\/cecip.org.br\/narrativasdepaz\/wp-json\/wp\/v2\/categories?post=400"},{"taxonomy":"post_tag","embeddable":true,"href":"https:\/\/cecip.org.br\/narrativasdepaz\/wp-json\/wp\/v2\/tags?post=400"}],"curies":[{"name":"wp","href":"https:\/\/api.w.org\/{rel}","templated":true}]}}