{"id":736,"date":"2020-12-10T13:38:36","date_gmt":"2020-12-10T13:38:36","guid":{"rendered":"https:\/\/cecip.org.br\/narrativasdepaz\/?p=736"},"modified":"2022-02-21T21:02:47","modified_gmt":"2022-02-21T21:02:47","slug":"criancas-e-seus-caminhos","status":"publish","type":"post","link":"https:\/\/cecip.org.br\/narrativasdepaz\/2020\/12\/10\/criancas-e-seus-caminhos\/","title":{"rendered":"Crian\u00e7as e seus Caminhos"},"content":{"rendered":"<p>[vc_row][vc_column width=&#8221;1\/2&#8243;][vc_column_text text_lead=&#8221;yes&#8221;]A publica\u00e7\u00e3o Crian\u00e7as e seus Caminhos, realizada pelo projeto <a href=\"http:\/\/www.cecip.org.br\/site\/crianca-pequena-em-foco\/\" target=\"_blank\" rel=\"noopener noreferrer\">Crian\u00e7a Pequena em Foco<\/a>, do CECIP, em parceria com a Coordenadoria de Educa\u00e7\u00e3o para o Tr\u00e2nsito e Relacionamento com o Cidad\u00e3o (CET-Rio), prop\u00f5e uma s\u00e9rie de atividades para as crian\u00e7as com o objetivo de engaj\u00e1-las pela transforma\u00e7\u00e3o dos lugares onde vivem.<\/p>\n<p>A publica\u00e7\u00e3o est\u00e1 dispon\u00edvel para download.<br \/>\n<a href=\"http:\/\/www.cecip.org.br\/site\/wp-content\/uploads\/2018\/09\/@CECIP_CriancasEseusCaminhos_EBOOK.pdf\">Clique aqui, baixe, leia e compartilhe!<\/a>[\/vc_column_text][\/vc_column][vc_column width=&#8221;1\/2&#8243;][vc_single_image media=&#8221;738&#8243; media_width_percent=&#8221;70&#8243; media_link=&#8221;url:http%3A%2F%2Fwww.cecip.org.br%2Fsite%2Fwp-content%2Fuploads%2F2018%2F09%2F%40CECIP_CriancasEseusCaminhos_EBOOK.pdf|title:Crian%C3%A7as%20e%20seus%20caminhos|target:_blank&#8221;][\/vc_column][\/vc_row]<\/p>\n","protected":false},"excerpt":{"rendered":"<p>[vc_row][vc_column width=&#8221;1\/2&#8243;][vc_column_text text_lead=&#8221;yes&#8221;]A publica\u00e7\u00e3o Crian\u00e7as e seus Caminhos, realizada pelo projeto Crian\u00e7a Pequena em Foco, do CECIP, em parceria com [&hellip;]<\/p>\n","protected":false},"author":1,"featured_media":738,"comment_status":"closed","ping_status":"closed","sticky":false,"template":"","format":"standard","meta":[],"categories":[1,9],"tags":[],"_links":{"self":[{"href":"https:\/\/cecip.org.br\/narrativasdepaz\/wp-json\/wp\/v2\/posts\/736"}],"collection":[{"href":"https:\/\/cecip.org.br\/narrativasdepaz\/wp-json\/wp\/v2\/posts"}],"about":[{"href":"https:\/\/cecip.org.br\/narrativasdepaz\/wp-json\/wp\/v2\/types\/post"}],"author":[{"embeddable":true,"href":"https:\/\/cecip.org.br\/narrativasdepaz\/wp-json\/wp\/v2\/users\/1"}],"replies":[{"embeddable":true,"href":"https:\/\/cecip.org.br\/narrativasdepaz\/wp-json\/wp\/v2\/comments?post=736"}],"version-history":[{"count":6,"href":"https:\/\/cecip.org.br\/narrativasdepaz\/wp-json\/wp\/v2\/posts\/736\/revisions"}],"predecessor-version":[{"id":1196,"href":"https:\/\/cecip.org.br\/narrativasdepaz\/wp-json\/wp\/v2\/posts\/736\/revisions\/1196"}],"wp:featuredmedia":[{"embeddable":true,"href":"https:\/\/cecip.org.br\/narrativasdepaz\/wp-json\/wp\/v2\/media\/738"}],"wp:attachment":[{"href":"https:\/\/cecip.org.br\/narrativasdepaz\/wp-json\/wp\/v2\/media?parent=736"}],"wp:term":[{"taxonomy":"category","embeddable":true,"href":"https:\/\/cecip.org.br\/narrativasdepaz\/wp-json\/wp\/v2\/categories?post=736"},{"taxonomy":"post_tag","embeddable":true,"href":"https:\/\/cecip.org.br\/narrativasdepaz\/wp-json\/wp\/v2\/tags?post=736"}],"curies":[{"name":"wp","href":"https:\/\/api.w.org\/{rel}","templated":true}]}}