{"id":740,"date":"2020-12-10T14:29:36","date_gmt":"2020-12-10T14:29:36","guid":{"rendered":"https:\/\/cecip.org.br\/narrativasdepaz\/?p=740"},"modified":"2020-12-10T15:15:26","modified_gmt":"2020-12-10T15:15:26","slug":"e-possivel-fazer-diferente","status":"publish","type":"post","link":"https:\/\/cecip.org.br\/narrativasdepaz\/2020\/12\/10\/e-possivel-fazer-diferente\/","title":{"rendered":"\u00c9 Poss\u00edvel Fazer Diferente"},"content":{"rendered":"<p>[vc_row][vc_column width=&#8221;1\/1&#8243;][vc_custom_heading text_font=&#8221;font-555555&#8243; text_size=&#8221;h4&#8243; text_color=&#8221;color-738379&#8243; sub_lead=&#8221;yes&#8221;][\/vc_custom_heading][vc_column_text text_lead=&#8221;yes&#8221;]Na publica\u00e7\u00e3o <strong>\u00c9 poss\u00edvel fazer diferente<\/strong>, o projeto <a href=\"http:\/\/www.cecip.org.br\/site\/jovens-e-seu-potencial-criativo\/\" target=\"_blank\" rel=\"noopener noreferrer\">Jovens e seu Potencial Criativo na Resolu\u00e7\u00e3o de Conflitos<\/a>, desenvolvido pelo CECIP, traz experi\u00eancias de cultura de paz em escolas do Rio de Janeiro.<\/p>\n<p><a href=\"http:\/\/www.cecip.org.br\/site\/wp-content\/uploads\/2016\/11\/PDF-%C3%89-POSS%C3%8DVEL.pdf\" target=\"_blank\" rel=\"noopener noreferrer\">Fa\u00e7a aqui o download.<\/a><\/p>\n<div class=\"addthis_toolbox addthis_default_style\">\n<div class=\"fb-like fb_iframe_widget\" data-layout=\"button_count\" data-show_faces=\"false\" data-share=\"false\" data-action=\"like\" data-width=\"90\" data-height=\"25\" data-font=\"arial\" data-href=\"http:\/\/www.cecip.org.br\/site\/cartilha-%c2%93construa-essa-historia%c2%94-fortalece-acoes-de-cultura-de-paz\/\" data-send=\"false\"><\/div>\n<\/div>\n<p>[\/vc_column_text][\/vc_column][\/vc_row]<\/p>\n","protected":false},"excerpt":{"rendered":"<p>[vc_row][vc_column width=&#8221;1\/1&#8243;][vc_custom_heading text_font=&#8221;font-555555&#8243; text_size=&#8221;h4&#8243; text_color=&#8221;color-738379&#8243; sub_lead=&#8221;yes&#8221;][\/vc_custom_heading][vc_column_text text_lead=&#8221;yes&#8221;]Na publica\u00e7\u00e3o \u00c9 poss\u00edvel fazer diferente, o projeto Jovens e seu Potencial Criativo na [&hellip;]<\/p>\n","protected":false},"author":1,"featured_media":750,"comment_status":"closed","ping_status":"closed","sticky":false,"template":"","format":"standard","meta":[],"categories":[1,10],"tags":[],"_links":{"self":[{"href":"https:\/\/cecip.org.br\/narrativasdepaz\/wp-json\/wp\/v2\/posts\/740"}],"collection":[{"href":"https:\/\/cecip.org.br\/narrativasdepaz\/wp-json\/wp\/v2\/posts"}],"about":[{"href":"https:\/\/cecip.org.br\/narrativasdepaz\/wp-json\/wp\/v2\/types\/post"}],"author":[{"embeddable":true,"href":"https:\/\/cecip.org.br\/narrativasdepaz\/wp-json\/wp\/v2\/users\/1"}],"replies":[{"embeddable":true,"href":"https:\/\/cecip.org.br\/narrativasdepaz\/wp-json\/wp\/v2\/comments?post=740"}],"version-history":[{"count":3,"href":"https:\/\/cecip.org.br\/narrativasdepaz\/wp-json\/wp\/v2\/posts\/740\/revisions"}],"predecessor-version":[{"id":751,"href":"https:\/\/cecip.org.br\/narrativasdepaz\/wp-json\/wp\/v2\/posts\/740\/revisions\/751"}],"wp:featuredmedia":[{"embeddable":true,"href":"https:\/\/cecip.org.br\/narrativasdepaz\/wp-json\/wp\/v2\/media\/750"}],"wp:attachment":[{"href":"https:\/\/cecip.org.br\/narrativasdepaz\/wp-json\/wp\/v2\/media?parent=740"}],"wp:term":[{"taxonomy":"category","embeddable":true,"href":"https:\/\/cecip.org.br\/narrativasdepaz\/wp-json\/wp\/v2\/categories?post=740"},{"taxonomy":"post_tag","embeddable":true,"href":"https:\/\/cecip.org.br\/narrativasdepaz\/wp-json\/wp\/v2\/tags?post=740"}],"curies":[{"name":"wp","href":"https:\/\/api.w.org\/{rel}","templated":true}]}}