{"id":743,"date":"2020-12-10T14:53:28","date_gmt":"2020-12-10T14:53:28","guid":{"rendered":"https:\/\/cecip.org.br\/narrativasdepaz\/?p=743"},"modified":"2020-12-10T14:59:49","modified_gmt":"2020-12-10T14:59:49","slug":"paz-em-movimento","status":"publish","type":"post","link":"https:\/\/cecip.org.br\/narrativasdepaz\/2020\/12\/10\/paz-em-movimento\/","title":{"rendered":"Paz em Movimento"},"content":{"rendered":"<p>[vc_row][vc_column width=&#8221;1\/1&#8243;][vc_custom_heading text_font=&#8221;font-555555&#8243; text_size=&#8221;h4&#8243; text_color=&#8221;color-738379&#8243; sub_lead=&#8221;yes&#8221;][\/vc_custom_heading][vc_column_text text_lead=&#8221;yes&#8221;]Conflito \u00e9 diferente de viol\u00eancia. Esta li\u00e7\u00e3o, aparentemente simples, ainda \u00e9 pouco compreendida em ambientes escolares, onde a cultura da hierarquia e da puni\u00e7\u00e3o produzem rela\u00e7\u00f5es tensas e graves problemas de intoler\u00e2ncia e incompreens\u00e3o entre os alunos, e tamb\u00e9m com seus professores e a dire\u00e7\u00e3o. A Justi\u00e7a Restaurativa, aplicada \u00e0 Educa\u00e7\u00e3o, pode ser uma resposta eficaz a tamanho desafio.<\/p>\n<p>O livro\u00a0<strong>Paz em Movimento<\/strong>\u00a0\u00e9 um mergulho profundo e emocionante nos dois primeiros anos do projeto <a href=\"http:\/\/www.cecip.org.br\/site\/jovens-e-seu-potencial-criativo\/\" target=\"_blank\" rel=\"noopener noreferrer\">Jovens e seu potencial criativo na resolu\u00e7\u00e3o de conflitos<\/a>. Entre 2011 e 2012, cerca de 750 alunos de 50 escolas do Rio de Janeiro se envolveram em diversas atividades para repensar as rela\u00e7\u00f5es de conflito e viol\u00eancia no ambiente escolar. Professores e diretores tamb\u00e9m participaram.<\/p>\n<p><a href=\"http:\/\/www.cecip.org.br\/site\/wp-content\/uploads\/2013\/12\/paz-em-movimento_cecip_130206-1_web.pdf\" target=\"_blank\" rel=\"noopener noreferrer\">Fa\u00e7a aqui o download do livro<\/a><\/p>\n<div class=\"addthis_toolbox addthis_default_style\">\n<div class=\"fb-like fb_iframe_widget\" data-layout=\"button_count\" data-show_faces=\"false\" data-share=\"false\" data-action=\"like\" data-width=\"90\" data-height=\"25\" data-font=\"arial\" data-href=\"http:\/\/www.cecip.org.br\/site\/cartilha-%c2%93construa-essa-historia%c2%94-fortalece-acoes-de-cultura-de-paz\/\" data-send=\"false\"><\/div>\n<\/div>\n<p>[\/vc_column_text][\/vc_column][\/vc_row]<\/p>\n","protected":false},"excerpt":{"rendered":"<p>[vc_row][vc_column width=&#8221;1\/1&#8243;][vc_custom_heading text_font=&#8221;font-555555&#8243; text_size=&#8221;h4&#8243; text_color=&#8221;color-738379&#8243; sub_lead=&#8221;yes&#8221;][\/vc_custom_heading][vc_column_text text_lead=&#8221;yes&#8221;]Conflito \u00e9 diferente de viol\u00eancia. Esta li\u00e7\u00e3o, aparentemente simples, ainda \u00e9 pouco compreendida em [&hellip;]<\/p>\n","protected":false},"author":1,"featured_media":747,"comment_status":"closed","ping_status":"closed","sticky":false,"template":"","format":"standard","meta":[],"categories":[1,10],"tags":[],"_links":{"self":[{"href":"https:\/\/cecip.org.br\/narrativasdepaz\/wp-json\/wp\/v2\/posts\/743"}],"collection":[{"href":"https:\/\/cecip.org.br\/narrativasdepaz\/wp-json\/wp\/v2\/posts"}],"about":[{"href":"https:\/\/cecip.org.br\/narrativasdepaz\/wp-json\/wp\/v2\/types\/post"}],"author":[{"embeddable":true,"href":"https:\/\/cecip.org.br\/narrativasdepaz\/wp-json\/wp\/v2\/users\/1"}],"replies":[{"embeddable":true,"href":"https:\/\/cecip.org.br\/narrativasdepaz\/wp-json\/wp\/v2\/comments?post=743"}],"version-history":[{"count":2,"href":"https:\/\/cecip.org.br\/narrativasdepaz\/wp-json\/wp\/v2\/posts\/743\/revisions"}],"predecessor-version":[{"id":746,"href":"https:\/\/cecip.org.br\/narrativasdepaz\/wp-json\/wp\/v2\/posts\/743\/revisions\/746"}],"wp:featuredmedia":[{"embeddable":true,"href":"https:\/\/cecip.org.br\/narrativasdepaz\/wp-json\/wp\/v2\/media\/747"}],"wp:attachment":[{"href":"https:\/\/cecip.org.br\/narrativasdepaz\/wp-json\/wp\/v2\/media?parent=743"}],"wp:term":[{"taxonomy":"category","embeddable":true,"href":"https:\/\/cecip.org.br\/narrativasdepaz\/wp-json\/wp\/v2\/categories?post=743"},{"taxonomy":"post_tag","embeddable":true,"href":"https:\/\/cecip.org.br\/narrativasdepaz\/wp-json\/wp\/v2\/tags?post=743"}],"curies":[{"name":"wp","href":"https:\/\/api.w.org\/{rel}","templated":true}]}}