{"id":752,"date":"2020-12-10T15:25:38","date_gmt":"2020-12-10T15:25:38","guid":{"rendered":"https:\/\/cecip.org.br\/narrativasdepaz\/?p=752"},"modified":"2020-12-10T15:25:38","modified_gmt":"2020-12-10T15:25:38","slug":"curtir-e-compartilhar-a-paz","status":"publish","type":"post","link":"https:\/\/cecip.org.br\/narrativasdepaz\/2020\/12\/10\/curtir-e-compartilhar-a-paz\/","title":{"rendered":"Curtir e Compartilhar a Paz"},"content":{"rendered":"<p>[vc_row][vc_column width=&#8221;1\/1&#8243;][vc_custom_heading text_font=&#8221;font-555555&#8243; text_size=&#8221;h4&#8243; text_color=&#8221;color-738379&#8243; sub_lead=&#8221;yes&#8221;][\/vc_custom_heading][vc_column_text text_lead=&#8221;yes&#8221;]<strong>Curtir e Compartilhar a Paz<\/strong> \u00e9 uma cartilha com ideias e propostas para que os jovens resolvam seus conflitos sem recorrer \u00e0 viol\u00eancia. Na escola ou fora dela, o di\u00e1logo e a criatividade s\u00e3o as melhores maneiras de aprender com as diferen\u00e7as.<br \/>\nEsta publica\u00e7\u00e3o foi produzida no <span style=\"font-family: -apple-system, BlinkMacSystemFont, 'Segoe UI', Roboto, Oxygen-Sans, Ubuntu, Cantarell, 'Helvetica Neue', sans-serif;\">projeto <\/span><a style=\"font-family: -apple-system, BlinkMacSystemFont, 'Segoe UI', Roboto, Oxygen-Sans, Ubuntu, Cantarell, 'Helvetica Neue', sans-serif;\" href=\"http:\/\/www.cecip.org.br\/site\/jovens-e-seu-potencial-criativo\/\" target=\"_blank\" rel=\"noopener noreferrer\">Jovens e seu potencial criativo na resolu\u00e7\u00e3o de conflitos<\/a><span style=\"font-family: -apple-system, BlinkMacSystemFont, 'Segoe UI', Roboto, Oxygen-Sans, Ubuntu, Cantarell, 'Helvetica Neue', sans-serif;\">, realizado pelo CECIP.<\/span><\/p>\n<p><a href=\"http:\/\/www.cecip.org.br\/site\/wp-content\/uploads\/2013\/12\/curtir_e_compartilhar_a_paz.pdf\" target=\"_blank\" rel=\"noopener noreferrer\">Fa\u00e7a o download da cartilha aqui<\/a><\/p>\n<div class=\"addthis_toolbox addthis_default_style\">\n<div class=\"fb-like fb_iframe_widget\" data-layout=\"button_count\" data-show_faces=\"false\" data-share=\"false\" data-action=\"like\" data-width=\"90\" data-height=\"25\" data-font=\"arial\" data-href=\"http:\/\/www.cecip.org.br\/site\/cartilha-%c2%93construa-essa-historia%c2%94-fortalece-acoes-de-cultura-de-paz\/\" data-send=\"false\"><\/div>\n<\/div>\n<p>[\/vc_column_text][\/vc_column][\/vc_row]<\/p>\n","protected":false},"excerpt":{"rendered":"<p>[vc_row][vc_column width=&#8221;1\/1&#8243;][vc_custom_heading text_font=&#8221;font-555555&#8243; text_size=&#8221;h4&#8243; text_color=&#8221;color-738379&#8243; sub_lead=&#8221;yes&#8221;][\/vc_custom_heading][vc_column_text text_lead=&#8221;yes&#8221;]Curtir e Compartilhar a Paz \u00e9 uma cartilha com ideias e propostas para que [&hellip;]<\/p>\n","protected":false},"author":1,"featured_media":753,"comment_status":"closed","ping_status":"closed","sticky":false,"template":"","format":"standard","meta":[],"categories":[1,10],"tags":[],"_links":{"self":[{"href":"https:\/\/cecip.org.br\/narrativasdepaz\/wp-json\/wp\/v2\/posts\/752"}],"collection":[{"href":"https:\/\/cecip.org.br\/narrativasdepaz\/wp-json\/wp\/v2\/posts"}],"about":[{"href":"https:\/\/cecip.org.br\/narrativasdepaz\/wp-json\/wp\/v2\/types\/post"}],"author":[{"embeddable":true,"href":"https:\/\/cecip.org.br\/narrativasdepaz\/wp-json\/wp\/v2\/users\/1"}],"replies":[{"embeddable":true,"href":"https:\/\/cecip.org.br\/narrativasdepaz\/wp-json\/wp\/v2\/comments?post=752"}],"version-history":[{"count":1,"href":"https:\/\/cecip.org.br\/narrativasdepaz\/wp-json\/wp\/v2\/posts\/752\/revisions"}],"predecessor-version":[{"id":754,"href":"https:\/\/cecip.org.br\/narrativasdepaz\/wp-json\/wp\/v2\/posts\/752\/revisions\/754"}],"wp:featuredmedia":[{"embeddable":true,"href":"https:\/\/cecip.org.br\/narrativasdepaz\/wp-json\/wp\/v2\/media\/753"}],"wp:attachment":[{"href":"https:\/\/cecip.org.br\/narrativasdepaz\/wp-json\/wp\/v2\/media?parent=752"}],"wp:term":[{"taxonomy":"category","embeddable":true,"href":"https:\/\/cecip.org.br\/narrativasdepaz\/wp-json\/wp\/v2\/categories?post=752"},{"taxonomy":"post_tag","embeddable":true,"href":"https:\/\/cecip.org.br\/narrativasdepaz\/wp-json\/wp\/v2\/tags?post=752"}],"curies":[{"name":"wp","href":"https:\/\/api.w.org\/{rel}","templated":true}]}}