{"id":774,"date":"2020-12-10T15:03:41","date_gmt":"2020-12-10T15:03:41","guid":{"rendered":"https:\/\/cecip.org.br\/narrativasdepaz\/?p=774"},"modified":"2024-02-05T16:58:32","modified_gmt":"2024-02-05T16:58:32","slug":"conflitos-na-escola","status":"publish","type":"post","link":"https:\/\/cecip.org.br\/narrativasdepaz\/2020\/12\/10\/conflitos-na-escola\/","title":{"rendered":"Conflitos na Escola"},"content":{"rendered":"<p>[vc_row][vc_column width=&#8221;1\/1&#8243;][vc_custom_heading text_font=&#8221;font-555555&#8243; text_size=&#8221;h4&#8243; text_color=&#8221;color-738379&#8243; sub_lead=&#8221;yes&#8221;][\/vc_custom_heading][vc_column_text text_lead=&#8221;yes&#8221;]<\/p>\n<p class=\"p1\"><strong>Conflitos na Escola: Modos de Transformar Dicas para Refletir e Exemplos de Como Lidar<\/strong> lembra que conflitos existem por toda a parte. N\u00e3o s\u00e3o, em sua natureza, nem bons nem ruins: fazem parte da vida em sociedade. A maneira como lidamos com eles \u00e9 que faz a diferen\u00e7a.<\/p>\n<p class=\"p1\">O que comumente se denomina viol\u00eancia \u00e9 uma das poss\u00edveis consequ\u00eancias da inabilidade em se manejar conflitos. Compreender isso \u00e9 uma quest\u00e3o crucial para gestores e outras lideran\u00e7as escolares.<\/p>\n<p class=\"p1\">E, como escreve Rubem Alves, na apresenta\u00e7\u00e3o, neste livro&#8230;<\/p>\n<p class=\"p1\">\u201c<em>Voc\u00ea encontrar\u00e1, aberta em todas as p\u00e1ginas, a Caixa de Ferramentas. Nelas voc\u00ea ficar\u00e1 conhecendo ferramentas que outros j\u00e1 usaram e testaram. E voc\u00ea poder\u00e1 inventar ferramentas novas e diferentes que far\u00e3o com que o seu corpo fique mais competente e forte naquilo que \u00e9 preciso fazer. Para se fazer h\u00e1 de se ter poder. \u00c9 preciso n\u00e3o esquecer do que nos ensinou Marshall McLuhan: todas as ferramentas s\u00e3o extens\u00f5es do corpo. Voc\u00ea encontrar\u00e1 tamb\u00e9m a Caixa de Brinquedos, que \u00e9 a raz\u00e3o de tudo o que fazemos. Vivemos para brincar. E se temos de inventar e usar ferramentas \u00e9 porque elas s\u00e3o as chaves que nos abrem a Caixa de Brinquedos, onde mora a alegria.<\/em>&#8220;<\/p>\n<p><span style=\"color: #00ccff;\"><a style=\"color: #00ccff;\" href=\"http:\/\/www.cecip.org.br\/site\/wp-content\/uploads\/2014\/07\/conflitos_na_escola.pdf\" target=\"_blank\" rel=\"noopener\">Clique aqui para baixar, ler e compartilhar o livro!<\/a><\/span>[\/vc_column_text][\/vc_column][\/vc_row]<\/p>\n","protected":false},"excerpt":{"rendered":"<p>[vc_row][vc_column width=&#8221;1\/1&#8243;][vc_custom_heading text_font=&#8221;font-555555&#8243; text_size=&#8221;h4&#8243; text_color=&#8221;color-738379&#8243; sub_lead=&#8221;yes&#8221;][\/vc_custom_heading][vc_column_text text_lead=&#8221;yes&#8221;] Conflitos na Escola: Modos de Transformar Dicas para Refletir e Exemplos de Como [&hellip;]<\/p>\n","protected":false},"author":1,"featured_media":775,"comment_status":"closed","ping_status":"closed","sticky":false,"template":"","format":"standard","meta":[],"categories":[1,10],"tags":[],"_links":{"self":[{"href":"https:\/\/cecip.org.br\/narrativasdepaz\/wp-json\/wp\/v2\/posts\/774"}],"collection":[{"href":"https:\/\/cecip.org.br\/narrativasdepaz\/wp-json\/wp\/v2\/posts"}],"about":[{"href":"https:\/\/cecip.org.br\/narrativasdepaz\/wp-json\/wp\/v2\/types\/post"}],"author":[{"embeddable":true,"href":"https:\/\/cecip.org.br\/narrativasdepaz\/wp-json\/wp\/v2\/users\/1"}],"replies":[{"embeddable":true,"href":"https:\/\/cecip.org.br\/narrativasdepaz\/wp-json\/wp\/v2\/comments?post=774"}],"version-history":[{"count":5,"href":"https:\/\/cecip.org.br\/narrativasdepaz\/wp-json\/wp\/v2\/posts\/774\/revisions"}],"predecessor-version":[{"id":1881,"href":"https:\/\/cecip.org.br\/narrativasdepaz\/wp-json\/wp\/v2\/posts\/774\/revisions\/1881"}],"wp:featuredmedia":[{"embeddable":true,"href":"https:\/\/cecip.org.br\/narrativasdepaz\/wp-json\/wp\/v2\/media\/775"}],"wp:attachment":[{"href":"https:\/\/cecip.org.br\/narrativasdepaz\/wp-json\/wp\/v2\/media?parent=774"}],"wp:term":[{"taxonomy":"category","embeddable":true,"href":"https:\/\/cecip.org.br\/narrativasdepaz\/wp-json\/wp\/v2\/categories?post=774"},{"taxonomy":"post_tag","embeddable":true,"href":"https:\/\/cecip.org.br\/narrativasdepaz\/wp-json\/wp\/v2\/tags?post=774"}],"curies":[{"name":"wp","href":"https:\/\/api.w.org\/{rel}","templated":true}]}}