{"id":780,"date":"2020-12-16T23:07:45","date_gmt":"2020-12-16T23:07:45","guid":{"rendered":"https:\/\/cecip.org.br\/narrativasdepaz\/?p=780"},"modified":"2022-04-19T01:07:27","modified_gmt":"2022-04-19T01:07:27","slug":"finalizando-2020-juntes","status":"publish","type":"post","link":"https:\/\/cecip.org.br\/narrativasdepaz\/2020\/12\/16\/finalizando-2020-juntes\/","title":{"rendered":"Finalizando 2020 Juntes!"},"content":{"rendered":"<p>[vc_row][vc_column width=&#8221;1\/1&#8243;][vc_single_image media=&#8221;800&#8243; media_width_percent=&#8221;65&#8243;][vc_column_text text_lead=&#8221;yes&#8221;]<\/p>\n<div dir=\"auto\">Foi um ano de muitas l\u00e1grimas, de muito medo, de isolamento, de esperas por vacina, por dias melhores, por um pouco de esperan\u00e7a. Tamb\u00e9m foi um ano de encontros remotos, de mergulhar na diversidade das hist\u00f3rias das inf\u00e2ncias e perceber a grandeza de quem segue comprometido com a vida de outras pessoas, como o p\u00fablico parceiro do projeto Narrativas de Paz, como as educadoras da Creche Cantinho Feliz, da EDI Helo\u00edsa Marinho, toda a gest\u00e3o e Agentes Comunit\u00e1rios de Sa\u00fade do CMS Ern\u00e2ni Agr\u00edcola, volunt\u00e1rias do Instituto Michel Odent e o grupo de M\u00e3es de Santa.<\/div>\n<div dir=\"auto\">Em 2020 nos conectamos com nossos valores, com a for\u00e7a e as alegrias que nos movem para novos dias, na esperan\u00e7a de um 2021 com mais presen\u00e7a, com mais sa\u00fade!<\/div>\n<p>[\/vc_column_text][\/vc_column][\/vc_row][vc_row][vc_column column_width_percent=&#8221;100&#8243; align_horizontal=&#8221;align_right&#8221; gutter_size=&#8221;3&#8243; overlay_alpha=&#8221;50&#8243; shift_x=&#8221;0&#8243; shift_y=&#8221;0&#8243; shift_y_down=&#8221;0&#8243; z_index=&#8221;0&#8243; medium_width=&#8221;0&#8243; mobile_width=&#8221;0&#8243; width=&#8221;1\/1&#8243;][vc_button button_color=&#8221;color-532360&#8243; border_width=&#8221;0&#8243; link=&#8221;url:https%3A%2F%2Fcecip.org.br%2Fnarrativasdepaz%2F2020%2F11%2F12%2Fseminario-politicas-publicas-para-primeira-infancia%2F|title:Semin%C3%A1rio%20Pol%C3%ADticas%20P%C3%BAblicas%20para%20Primeira%20Inf%C3%A2ncia&#8221;]Pr\u00f3xima not\u00edcia[\/vc_button][\/vc_column][\/vc_row]<\/p>\n","protected":false},"excerpt":{"rendered":"<p>[vc_row][vc_column width=&#8221;1\/1&#8243;][vc_single_image media=&#8221;800&#8243; media_width_percent=&#8221;65&#8243;][vc_column_text text_lead=&#8221;yes&#8221;] Foi um ano de muitas l\u00e1grimas, de muito medo, de isolamento, de esperas por vacina, [&hellip;]<\/p>\n","protected":false},"author":1,"featured_media":800,"comment_status":"closed","ping_status":"closed","sticky":false,"template":"","format":"standard","meta":[],"categories":[2],"tags":[],"_links":{"self":[{"href":"https:\/\/cecip.org.br\/narrativasdepaz\/wp-json\/wp\/v2\/posts\/780"}],"collection":[{"href":"https:\/\/cecip.org.br\/narrativasdepaz\/wp-json\/wp\/v2\/posts"}],"about":[{"href":"https:\/\/cecip.org.br\/narrativasdepaz\/wp-json\/wp\/v2\/types\/post"}],"author":[{"embeddable":true,"href":"https:\/\/cecip.org.br\/narrativasdepaz\/wp-json\/wp\/v2\/users\/1"}],"replies":[{"embeddable":true,"href":"https:\/\/cecip.org.br\/narrativasdepaz\/wp-json\/wp\/v2\/comments?post=780"}],"version-history":[{"count":3,"href":"https:\/\/cecip.org.br\/narrativasdepaz\/wp-json\/wp\/v2\/posts\/780\/revisions"}],"predecessor-version":[{"id":1282,"href":"https:\/\/cecip.org.br\/narrativasdepaz\/wp-json\/wp\/v2\/posts\/780\/revisions\/1282"}],"wp:featuredmedia":[{"embeddable":true,"href":"https:\/\/cecip.org.br\/narrativasdepaz\/wp-json\/wp\/v2\/media\/800"}],"wp:attachment":[{"href":"https:\/\/cecip.org.br\/narrativasdepaz\/wp-json\/wp\/v2\/media?parent=780"}],"wp:term":[{"taxonomy":"category","embeddable":true,"href":"https:\/\/cecip.org.br\/narrativasdepaz\/wp-json\/wp\/v2\/categories?post=780"},{"taxonomy":"post_tag","embeddable":true,"href":"https:\/\/cecip.org.br\/narrativasdepaz\/wp-json\/wp\/v2\/tags?post=780"}],"curies":[{"name":"wp","href":"https:\/\/api.w.org\/{rel}","templated":true}]}}