{"id":819,"date":"2021-04-19T16:46:09","date_gmt":"2021-04-19T16:46:09","guid":{"rendered":"https:\/\/cecip.org.br\/narrativasdepaz\/?p=819"},"modified":"2022-04-19T01:05:15","modified_gmt":"2022-04-19T01:05:15","slug":"comemorando-o-dia-nacional-do-livro-infantil","status":"publish","type":"post","link":"https:\/\/cecip.org.br\/narrativasdepaz\/2021\/04\/19\/comemorando-o-dia-nacional-do-livro-infantil\/","title":{"rendered":"Comemorando o Dia Nacional do Livro Infantil"},"content":{"rendered":"<p>[vc_row][vc_column width=&#8221;1\/1&#8243;][vc_single_image media=&#8221;904&#8243; media_width_percent=&#8221;65&#8243;][vc_column_text text_lead=&#8221;yes&#8221;]<\/p>\n<div dir=\"auto\">\n<p class=\"p1\">No \u00faltimo domingo, 18 de abril, comemoramos o D<strong>ia Nacional do Livro Infantil<\/strong>.<br \/>\nPara o projeto Narrativas de Paz, a literatura contribui com a cria\u00e7\u00e3o de narrativas de uma conviv\u00eancia que lide com o conflito sem viol\u00eancia, com mais criatividade e alegria.<br \/>\nVamos compartilhar ao longo da semana indica\u00e7\u00f5es de livros que nos acompanham e nos inspiram. Para abrir as indica\u00e7\u00f5es contamos com a preciosa participa\u00e7\u00e3o de uma pedagoga admirada por crian\u00e7as e colegas de trabalho, <strong>Michele Costa<\/strong>, que trabalha na <strong>EDI Helo\u00edsa Marinho<\/strong>, em Santa Teresa.<br \/>\n<span class=\"s1\">Michele indica o livro infantil <strong>Obax<\/strong>, escrito e Ilustrado por Andr\u00e9 Neves, que aborda pluralidade cultural, contos, conviv\u00eancia social, imagina\u00e7\u00e3o, \u00c1frica.<\/span><\/p>\n<\/div>\n<p>[\/vc_column_text][vc_button button_color=&#8221;color-208561&#8243; border_width=&#8221;0&#8243; link=&#8221;url:https%3A%2F%2Ffb.watch%2F4ZAZYSE-t7%2F|target:_blank&#8221;]Assista o v\u00eddeo clicando aqui[\/vc_button][\/vc_column][\/vc_row][vc_row][vc_column column_width_percent=&#8221;100&#8243; align_horizontal=&#8221;align_right&#8221; gutter_size=&#8221;3&#8243; overlay_alpha=&#8221;50&#8243; shift_x=&#8221;0&#8243; shift_y=&#8221;0&#8243; shift_y_down=&#8221;0&#8243; z_index=&#8221;0&#8243; medium_width=&#8221;0&#8243; mobile_width=&#8221;0&#8243; width=&#8221;1\/1&#8243;][vc_button button_color=&#8221;color-532360&#8243; border_width=&#8221;0&#8243; link=&#8221;url:https%3A%2F%2Fcecip.org.br%2Fnarrativasdepaz%2F2021%2F04%2F01%2Feu-abraco-o-cms-ernani-agricola-eu-abraco-o-sus%2F|title:Eu%20abra%C3%A7o%20o%20CMS%20Ernani%20Agr%C3%ADcola!%20%20Eu%20abra%C3%A7o%20o%20SUS!&#8221;]Pr\u00f3xima not\u00edcia[\/vc_button][\/vc_column][\/vc_row]<\/p>\n","protected":false},"excerpt":{"rendered":"<p>[vc_row][vc_column width=&#8221;1\/1&#8243;][vc_single_image media=&#8221;904&#8243; media_width_percent=&#8221;65&#8243;][vc_column_text text_lead=&#8221;yes&#8221;] No \u00faltimo domingo, 18 de abril, comemoramos o Dia Nacional do Livro Infantil. Para o [&hellip;]<\/p>\n","protected":false},"author":1,"featured_media":904,"comment_status":"closed","ping_status":"closed","sticky":false,"template":"","format":"standard","meta":[],"categories":[2],"tags":[],"_links":{"self":[{"href":"https:\/\/cecip.org.br\/narrativasdepaz\/wp-json\/wp\/v2\/posts\/819"}],"collection":[{"href":"https:\/\/cecip.org.br\/narrativasdepaz\/wp-json\/wp\/v2\/posts"}],"about":[{"href":"https:\/\/cecip.org.br\/narrativasdepaz\/wp-json\/wp\/v2\/types\/post"}],"author":[{"embeddable":true,"href":"https:\/\/cecip.org.br\/narrativasdepaz\/wp-json\/wp\/v2\/users\/1"}],"replies":[{"embeddable":true,"href":"https:\/\/cecip.org.br\/narrativasdepaz\/wp-json\/wp\/v2\/comments?post=819"}],"version-history":[{"count":6,"href":"https:\/\/cecip.org.br\/narrativasdepaz\/wp-json\/wp\/v2\/posts\/819\/revisions"}],"predecessor-version":[{"id":1278,"href":"https:\/\/cecip.org.br\/narrativasdepaz\/wp-json\/wp\/v2\/posts\/819\/revisions\/1278"}],"wp:featuredmedia":[{"embeddable":true,"href":"https:\/\/cecip.org.br\/narrativasdepaz\/wp-json\/wp\/v2\/media\/904"}],"wp:attachment":[{"href":"https:\/\/cecip.org.br\/narrativasdepaz\/wp-json\/wp\/v2\/media?parent=819"}],"wp:term":[{"taxonomy":"category","embeddable":true,"href":"https:\/\/cecip.org.br\/narrativasdepaz\/wp-json\/wp\/v2\/categories?post=819"},{"taxonomy":"post_tag","embeddable":true,"href":"https:\/\/cecip.org.br\/narrativasdepaz\/wp-json\/wp\/v2\/tags?post=819"}],"curies":[{"name":"wp","href":"https:\/\/api.w.org\/{rel}","templated":true}]}}