{"id":822,"date":"2020-12-21T22:09:21","date_gmt":"2020-12-21T22:09:21","guid":{"rendered":"https:\/\/cecip.org.br\/narrativasdepaz\/?p=822"},"modified":"2021-08-20T20:35:35","modified_gmt":"2021-08-20T20:35:35","slug":"um-carinho-da-creche-cantinho-feliz","status":"publish","type":"post","link":"https:\/\/cecip.org.br\/narrativasdepaz\/2020\/12\/21\/um-carinho-da-creche-cantinho-feliz\/","title":{"rendered":"Um carinho da Creche Cantinho Feliz"},"content":{"rendered":"<p>[vc_row][vc_column][vc_column_text text_lead=&#8221;yes&#8221;]<\/p>\n<div class=\"\" dir=\"auto\">\n<div id=\"jsc_c_1f3\" class=\"ecm0bbzt hv4rvrfc ihqw7lf3 dati1w0a\" data-ad-comet-preview=\"message\" data-ad-preview=\"message\">\n<div class=\"j83agx80 cbu4d94t ew0dbk1b irj2b8pg\">\n<div class=\"qzhwtbm6 knvmm38d\">\n<div class=\"kvgmc6g5 cxmmr5t8 oygrvhab hcukyx3x c1et5uql ii04i59q\">\n<div dir=\"auto\">\n<p class=\"p1\">As educadoras da<span class=\"Apple-converted-space\">\u00a0 <\/span>Creche Cantinho Feliz, de Santa Teresa, fizeram um v\u00eddeo super carinhoso para agradecer a nossa parceria durante este per\u00edodo de 2020. O v\u00eddeo est\u00e1 na p\u00e1gina do Narrativas de Paz no Facebook, veja o v\u00eddeo e siga a gente!<\/p>\n<\/div>\n<\/div>\n<\/div>\n<\/div>\n<\/div>\n<\/div>\n<p>[\/vc_column_text][vc_button button_color=&#8221;color-208561&#8243; border_width=&#8221;0&#8243; link=&#8221;url:https%3A%2F%2Fwww.facebook.com%2Fnarrativasdepaz%2Fvideos%2F211228323828277|target:_blank&#8221;]Assista o v\u00eddeo[\/vc_button][\/vc_column][\/vc_row]<\/p>\n","protected":false},"excerpt":{"rendered":"<p>[vc_row][vc_column][vc_column_text text_lead=&#8221;yes&#8221;] As educadoras da\u00a0 Creche Cantinho Feliz, de Santa Teresa, fizeram um v\u00eddeo super carinhoso para agradecer a nossa [&hellip;]<\/p>\n","protected":false},"author":1,"featured_media":823,"comment_status":"open","ping_status":"open","sticky":false,"template":"","format":"standard","meta":[],"categories":[2],"tags":[],"_links":{"self":[{"href":"https:\/\/cecip.org.br\/narrativasdepaz\/wp-json\/wp\/v2\/posts\/822"}],"collection":[{"href":"https:\/\/cecip.org.br\/narrativasdepaz\/wp-json\/wp\/v2\/posts"}],"about":[{"href":"https:\/\/cecip.org.br\/narrativasdepaz\/wp-json\/wp\/v2\/types\/post"}],"author":[{"embeddable":true,"href":"https:\/\/cecip.org.br\/narrativasdepaz\/wp-json\/wp\/v2\/users\/1"}],"replies":[{"embeddable":true,"href":"https:\/\/cecip.org.br\/narrativasdepaz\/wp-json\/wp\/v2\/comments?post=822"}],"version-history":[{"count":6,"href":"https:\/\/cecip.org.br\/narrativasdepaz\/wp-json\/wp\/v2\/posts\/822\/revisions"}],"predecessor-version":[{"id":997,"href":"https:\/\/cecip.org.br\/narrativasdepaz\/wp-json\/wp\/v2\/posts\/822\/revisions\/997"}],"wp:featuredmedia":[{"embeddable":true,"href":"https:\/\/cecip.org.br\/narrativasdepaz\/wp-json\/wp\/v2\/media\/823"}],"wp:attachment":[{"href":"https:\/\/cecip.org.br\/narrativasdepaz\/wp-json\/wp\/v2\/media?parent=822"}],"wp:term":[{"taxonomy":"category","embeddable":true,"href":"https:\/\/cecip.org.br\/narrativasdepaz\/wp-json\/wp\/v2\/categories?post=822"},{"taxonomy":"post_tag","embeddable":true,"href":"https:\/\/cecip.org.br\/narrativasdepaz\/wp-json\/wp\/v2\/tags?post=822"}],"curies":[{"name":"wp","href":"https:\/\/api.w.org\/{rel}","templated":true}]}}