{"id":838,"date":"2021-04-01T17:00:23","date_gmt":"2021-04-01T17:00:23","guid":{"rendered":"https:\/\/cecip.org.br\/narrativasdepaz\/?p=838"},"modified":"2022-04-19T01:05:46","modified_gmt":"2022-04-19T01:05:46","slug":"eu-abraco-o-cms-ernani-agricola-eu-abraco-o-sus","status":"publish","type":"post","link":"https:\/\/cecip.org.br\/narrativasdepaz\/2021\/04\/01\/eu-abraco-o-cms-ernani-agricola-eu-abraco-o-sus\/","title":{"rendered":"Eu abra\u00e7o o CMS Ernani Agr\u00edcola! \ud83d\udc99 Eu abra\u00e7o o SUS!"},"content":{"rendered":"<p>[vc_row][vc_column column_width_percent=&#8221;100&#8243; gutter_size=&#8221;3&#8243; overlay_alpha=&#8221;50&#8243; shift_x=&#8221;0&#8243; shift_y=&#8221;0&#8243; shift_y_down=&#8221;0&#8243; z_index=&#8221;0&#8243; medium_width=&#8221;0&#8243; mobile_width=&#8221;0&#8243; width=&#8221;1\/1&#8243;][vc_single_image media=&#8221;839&#8243; media_width_percent=&#8221;65&#8243;][vc_column_text text_lead=&#8221;yes&#8221;]<\/p>\n<div dir=\"auto\">Um viva a todos os profissionais da sa\u00fade que fazem o SUS! \ud83d\udc99<br \/>\nEm 2021 o SUS completa 33 anos. Foi com muita luta e determina\u00e7\u00e3o que o povo brasileiro conquistou o direito a uma sa\u00fade p\u00fablica integral e universal. \u00c9 por isso que no dia 21 de mar\u00e7o comemoramos o Dia do Orgulho SUS.<br \/>\nE n\u00f3s, do Narrativas de Paz, nos sentimos muito honrades em fazer parte dessa hist\u00f3ria por meio da parceria com o CMS Ernani Agr\u00edcola, o posto de sa\u00fade de Santa Teresa &#8211; RJ.<br \/>\n<strong>O SUS \u00e9 seu, lute por ele!<\/strong><\/div>\n<p>[\/vc_column_text][\/vc_column][\/vc_row][vc_row][vc_column column_width_percent=&#8221;100&#8243; align_horizontal=&#8221;align_right&#8221; gutter_size=&#8221;3&#8243; overlay_alpha=&#8221;50&#8243; shift_x=&#8221;0&#8243; shift_y=&#8221;0&#8243; shift_y_down=&#8221;0&#8243; z_index=&#8221;0&#8243; medium_width=&#8221;0&#8243; mobile_width=&#8221;0&#8243; width=&#8221;1\/1&#8243;][vc_button button_color=&#8221;color-532360&#8243; border_width=&#8221;0&#8243; link=&#8221;url:https%3A%2F%2Fcecip.org.br%2Fnarrativasdepaz%2F2021%2F04%2F01%2Feducar-sem-violencia-com-a-creche-cantinho-feliz%2F|title:Educar%20sem%20viol%C3%AAncia%20com%20a%20Creche%20Cantinho%20Feliz&#8221;]Pr\u00f3xima not\u00edcia[\/vc_button][\/vc_column][\/vc_row]<\/p>\n","protected":false},"excerpt":{"rendered":"<p>[vc_row][vc_column column_width_percent=&#8221;100&#8243; gutter_size=&#8221;3&#8243; overlay_alpha=&#8221;50&#8243; shift_x=&#8221;0&#8243; shift_y=&#8221;0&#8243; shift_y_down=&#8221;0&#8243; z_index=&#8221;0&#8243; medium_width=&#8221;0&#8243; mobile_width=&#8221;0&#8243; width=&#8221;1\/1&#8243;][vc_single_image media=&#8221;839&#8243; media_width_percent=&#8221;65&#8243;][vc_column_text text_lead=&#8221;yes&#8221;] Um viva a todos os profissionais [&hellip;]<\/p>\n","protected":false},"author":1,"featured_media":839,"comment_status":"closed","ping_status":"closed","sticky":false,"template":"","format":"standard","meta":[],"categories":[2],"tags":[],"_links":{"self":[{"href":"https:\/\/cecip.org.br\/narrativasdepaz\/wp-json\/wp\/v2\/posts\/838"}],"collection":[{"href":"https:\/\/cecip.org.br\/narrativasdepaz\/wp-json\/wp\/v2\/posts"}],"about":[{"href":"https:\/\/cecip.org.br\/narrativasdepaz\/wp-json\/wp\/v2\/types\/post"}],"author":[{"embeddable":true,"href":"https:\/\/cecip.org.br\/narrativasdepaz\/wp-json\/wp\/v2\/users\/1"}],"replies":[{"embeddable":true,"href":"https:\/\/cecip.org.br\/narrativasdepaz\/wp-json\/wp\/v2\/comments?post=838"}],"version-history":[{"count":4,"href":"https:\/\/cecip.org.br\/narrativasdepaz\/wp-json\/wp\/v2\/posts\/838\/revisions"}],"predecessor-version":[{"id":1279,"href":"https:\/\/cecip.org.br\/narrativasdepaz\/wp-json\/wp\/v2\/posts\/838\/revisions\/1279"}],"wp:featuredmedia":[{"embeddable":true,"href":"https:\/\/cecip.org.br\/narrativasdepaz\/wp-json\/wp\/v2\/media\/839"}],"wp:attachment":[{"href":"https:\/\/cecip.org.br\/narrativasdepaz\/wp-json\/wp\/v2\/media?parent=838"}],"wp:term":[{"taxonomy":"category","embeddable":true,"href":"https:\/\/cecip.org.br\/narrativasdepaz\/wp-json\/wp\/v2\/categories?post=838"},{"taxonomy":"post_tag","embeddable":true,"href":"https:\/\/cecip.org.br\/narrativasdepaz\/wp-json\/wp\/v2\/tags?post=838"}],"curies":[{"name":"wp","href":"https:\/\/api.w.org\/{rel}","templated":true}]}}