{"id":893,"date":"2021-04-17T17:40:29","date_gmt":"2021-04-17T17:40:29","guid":{"rendered":"https:\/\/cecip.org.br\/narrativasdepaz\/?p=893"},"modified":"2023-06-22T01:13:50","modified_gmt":"2023-06-22T01:13:50","slug":"podcast-narrativas-02","status":"publish","type":"post","link":"https:\/\/cecip.org.br\/narrativasdepaz\/2021\/04\/17\/podcast-narrativas-02\/","title":{"rendered":"Podcast Narrativas"},"content":{"rendered":"<p>[vc_row][vc_column width=&#8221;1\/2&#8243;][vc_custom_heading text_font=&#8221;font-555555&#8243; text_size=&#8221;h3&#8243; text_color=&#8221;accent&#8221;]D\u00favidas Sobre o Uso do Andador[\/vc_custom_heading][vc_custom_heading text_font=&#8221;font-555555&#8243; text_size=&#8221;h4&#8243; text_color=&#8221;accent&#8221; sub_lead=&#8221;yes&#8221;]<\/p>\n<h5 class=\"p1\"><strong>Por que o andador n\u00e3o \u00e9 indicado e quais as consequ\u00eancias de seu uso?<\/strong><\/h5>\n<p>[\/vc_custom_heading][vc_column_text text_lead=&#8221;yes&#8221;]<\/p>\n<p class=\"p1\">Este <strong>Podcast Narrativas<\/strong> fala sobre os primeiros passos do beb\u00ea, apresentando as consequ\u00eancias do uso de andandor, e conta com as convidadas <b>Ozana da Concei\u00e7\u00e3o<\/b>, m\u00e3e participante do grupo M\u00e3es de Santa, e <b>Dominique Clakzko<\/b>, fisioterapeuta em obstetr\u00edcia.<\/p>\n<p class=\"p1\">O Narrativas de Paz cria uma s\u00e9rie de PODCASTS a partir dos assuntos que surgem no grupo\u00a0<a href=\"https:\/\/cecip.org.br\/narrativasdepaz\/maesdesanta\/\" target=\"_blank\" rel=\"noopener noreferrer\"><b>M\u00e3es de Santa<\/b><\/a>, um grupo de mulheres gestantes e pu\u00e9rperas moradoras do Morro dos Prazeres, em Santa Teresa. Os \u00e1udios trazem perguntas das participantes do grupo de m\u00e3es e a colabora\u00e7\u00e3o de profissionais de diversas \u00e1reas. Fique \u00e0 vontade para ouvir e compartilhar o conte\u00fado.<\/p>\n<p>Cr\u00e9ditos:<br \/>\nEntrevistas &#8211; Fl\u00e1via Fassi Samel<br \/>\nApresenta\u00e7\u00e3o\u00a0 &#8211; Soraia Melo<br \/>\nCria\u00e7\u00e3o e montagem &#8211; Tatiana Martins[\/vc_column_text][vc_button button_color=&#8221;accent&#8221; border_width=&#8221;0&#8243; link=&#8221;url:https%3A%2F%2Fdrive.google.com%2Ffile%2Fd%2F1UkbxM1er2ZKpGdkaCohiUAVqIMAY_vch%2Fview%3Fusp%3Dsharing|target:_blank&#8221;]\u00c9 s\u00f3 clicar aqui para ouvir on-line[\/vc_button][\/vc_column][vc_column width=&#8221;1\/2&#8243;][vc_single_image media=&#8221;899&#8243; media_width_percent=&#8221;70&#8243; alignment=&#8221;center&#8221;][\/vc_column][\/vc_row][vc_row][vc_column column_width_percent=&#8221;100&#8243; align_horizontal=&#8221;align_right&#8221; gutter_size=&#8221;3&#8243; overlay_alpha=&#8221;50&#8243; shift_x=&#8221;0&#8243; shift_y=&#8221;0&#8243; shift_y_down=&#8221;0&#8243; z_index=&#8221;0&#8243; medium_width=&#8221;0&#8243; mobile_width=&#8221;0&#8243; width=&#8221;1\/1&#8243;][vc_button button_color=&#8221;color-532360&#8243; border_width=&#8221;0&#8243; link=&#8221;url:https%3A%2F%2Fcecip.org.br%2Fnarrativasdepaz%2F2021%2F04%2F18%2Fpodcast-narrativas-01%2F&#8221;]Pr\u00f3ximo podcast[\/vc_button][\/vc_column][\/vc_row]<\/p>\n","protected":false},"excerpt":{"rendered":"<p>[vc_row][vc_column width=&#8221;1\/2&#8243;][vc_custom_heading text_font=&#8221;font-555555&#8243; text_size=&#8221;h3&#8243; text_color=&#8221;accent&#8221;]D\u00favidas Sobre o Uso do Andador[\/vc_custom_heading][vc_custom_heading text_font=&#8221;font-555555&#8243; text_size=&#8221;h4&#8243; text_color=&#8221;accent&#8221; sub_lead=&#8221;yes&#8221;] Por que o andador n\u00e3o \u00e9 [&hellip;]<\/p>\n","protected":false},"author":1,"featured_media":899,"comment_status":"closed","ping_status":"closed","sticky":false,"template":"","format":"standard","meta":[],"categories":[1,13],"tags":[],"_links":{"self":[{"href":"https:\/\/cecip.org.br\/narrativasdepaz\/wp-json\/wp\/v2\/posts\/893"}],"collection":[{"href":"https:\/\/cecip.org.br\/narrativasdepaz\/wp-json\/wp\/v2\/posts"}],"about":[{"href":"https:\/\/cecip.org.br\/narrativasdepaz\/wp-json\/wp\/v2\/types\/post"}],"author":[{"embeddable":true,"href":"https:\/\/cecip.org.br\/narrativasdepaz\/wp-json\/wp\/v2\/users\/1"}],"replies":[{"embeddable":true,"href":"https:\/\/cecip.org.br\/narrativasdepaz\/wp-json\/wp\/v2\/comments?post=893"}],"version-history":[{"count":7,"href":"https:\/\/cecip.org.br\/narrativasdepaz\/wp-json\/wp\/v2\/posts\/893\/revisions"}],"predecessor-version":[{"id":897,"href":"https:\/\/cecip.org.br\/narrativasdepaz\/wp-json\/wp\/v2\/posts\/893\/revisions\/897"}],"wp:featuredmedia":[{"embeddable":true,"href":"https:\/\/cecip.org.br\/narrativasdepaz\/wp-json\/wp\/v2\/media\/899"}],"wp:attachment":[{"href":"https:\/\/cecip.org.br\/narrativasdepaz\/wp-json\/wp\/v2\/media?parent=893"}],"wp:term":[{"taxonomy":"category","embeddable":true,"href":"https:\/\/cecip.org.br\/narrativasdepaz\/wp-json\/wp\/v2\/categories?post=893"},{"taxonomy":"post_tag","embeddable":true,"href":"https:\/\/cecip.org.br\/narrativasdepaz\/wp-json\/wp\/v2\/tags?post=893"}],"curies":[{"name":"wp","href":"https:\/\/api.w.org\/{rel}","templated":true}]}}