{"id":912,"date":"2021-05-07T15:20:02","date_gmt":"2021-05-07T15:20:02","guid":{"rendered":"https:\/\/cecip.org.br\/narrativasdepaz\/?p=912"},"modified":"2022-04-19T01:04:18","modified_gmt":"2022-04-19T01:04:18","slug":"celebracao-do-dia-das-maes","status":"publish","type":"post","link":"https:\/\/cecip.org.br\/narrativasdepaz\/2021\/05\/07\/celebracao-do-dia-das-maes\/","title":{"rendered":"Celebra\u00e7\u00e3o do Dia das M\u00e3es"},"content":{"rendered":"<p>[vc_row][vc_column column_width_percent=&#8221;100&#8243; gutter_size=&#8221;3&#8243; overlay_alpha=&#8221;50&#8243; shift_x=&#8221;0&#8243; shift_y=&#8221;0&#8243; shift_y_down=&#8221;0&#8243; z_index=&#8221;0&#8243; medium_width=&#8221;0&#8243; mobile_width=&#8221;0&#8243; width=&#8221;1\/1&#8243;][vc_single_image media=&#8221;913&#8243; media_width_percent=&#8221;65&#8243;][vc_column_text text_lead=&#8221;yes&#8221;]<\/p>\n<div dir=\"auto\">\n<div dir=\"auto\">Na semana de celebra\u00e7\u00e3o do dia das m\u00e3es, o projeto Narrativas de Paz, em parceria com o grupo <strong>M\u00e3es de Santa<\/strong>, o <strong>CMS Ernani Agr\u00edcola<\/strong> e o <strong>Instituto Michel Odent<\/strong>, retomou as rodas de conversa semanais, agora online.<\/div>\n<div dir=\"auto\">A proposta dos encontros \u00e9 cuidar da saudade, do apoio entre mulheres durante a gravidez, al\u00e9m da vontade de acompanhar o desenvolvimento dos beb\u00eas cada vez maiores, garantindo um espa\u00e7o de troca de experi\u00eancias, com a participa\u00e7\u00e3o de especialistas na primeira inf\u00e2ncia, na conviv\u00eancia e na cultura de paz.<\/div>\n<div dir=\"auto\">Ainda neste m\u00eas, o projeto Narrativas de Paz vai lan\u00e7ar o podcast \u201cExperi\u00eancias e descobertas da maternidade\u201d, com relatos e depoimentos do grupo.<\/div>\n<\/div>\n<p>[\/vc_column_text][\/vc_column][\/vc_row][vc_row][vc_column column_width_percent=&#8221;100&#8243; align_horizontal=&#8221;align_right&#8221; gutter_size=&#8221;3&#8243; overlay_alpha=&#8221;50&#8243; shift_x=&#8221;0&#8243; shift_y=&#8221;0&#8243; shift_y_down=&#8221;0&#8243; z_index=&#8221;0&#8243; medium_width=&#8221;0&#8243; mobile_width=&#8221;0&#8243; width=&#8221;1\/1&#8243;][vc_button button_color=&#8221;color-532360&#8243; border_width=&#8221;0&#8243; link=&#8221;url:https%3A%2F%2Fcecip.org.br%2Fnarrativasdepaz%2F2021%2F04%2F29%2Fsugestao-de-leitura-da-dora%2F|title:Sugest%C3%A3o%20de%20Leitura%20da%20Dora&#8221;]Pr\u00f3xima not\u00edcia[\/vc_button][\/vc_column][\/vc_row]<\/p>\n","protected":false},"excerpt":{"rendered":"<p>[vc_row][vc_column column_width_percent=&#8221;100&#8243; gutter_size=&#8221;3&#8243; overlay_alpha=&#8221;50&#8243; shift_x=&#8221;0&#8243; shift_y=&#8221;0&#8243; shift_y_down=&#8221;0&#8243; z_index=&#8221;0&#8243; medium_width=&#8221;0&#8243; mobile_width=&#8221;0&#8243; width=&#8221;1\/1&#8243;][vc_single_image media=&#8221;913&#8243; media_width_percent=&#8221;65&#8243;][vc_column_text text_lead=&#8221;yes&#8221;] Na semana de celebra\u00e7\u00e3o do dia [&hellip;]<\/p>\n","protected":false},"author":1,"featured_media":913,"comment_status":"closed","ping_status":"closed","sticky":false,"template":"","format":"standard","meta":[],"categories":[2],"tags":[],"_links":{"self":[{"href":"https:\/\/cecip.org.br\/narrativasdepaz\/wp-json\/wp\/v2\/posts\/912"}],"collection":[{"href":"https:\/\/cecip.org.br\/narrativasdepaz\/wp-json\/wp\/v2\/posts"}],"about":[{"href":"https:\/\/cecip.org.br\/narrativasdepaz\/wp-json\/wp\/v2\/types\/post"}],"author":[{"embeddable":true,"href":"https:\/\/cecip.org.br\/narrativasdepaz\/wp-json\/wp\/v2\/users\/1"}],"replies":[{"embeddable":true,"href":"https:\/\/cecip.org.br\/narrativasdepaz\/wp-json\/wp\/v2\/comments?post=912"}],"version-history":[{"count":4,"href":"https:\/\/cecip.org.br\/narrativasdepaz\/wp-json\/wp\/v2\/posts\/912\/revisions"}],"predecessor-version":[{"id":1276,"href":"https:\/\/cecip.org.br\/narrativasdepaz\/wp-json\/wp\/v2\/posts\/912\/revisions\/1276"}],"wp:featuredmedia":[{"embeddable":true,"href":"https:\/\/cecip.org.br\/narrativasdepaz\/wp-json\/wp\/v2\/media\/913"}],"wp:attachment":[{"href":"https:\/\/cecip.org.br\/narrativasdepaz\/wp-json\/wp\/v2\/media?parent=912"}],"wp:term":[{"taxonomy":"category","embeddable":true,"href":"https:\/\/cecip.org.br\/narrativasdepaz\/wp-json\/wp\/v2\/categories?post=912"},{"taxonomy":"post_tag","embeddable":true,"href":"https:\/\/cecip.org.br\/narrativasdepaz\/wp-json\/wp\/v2\/tags?post=912"}],"curies":[{"name":"wp","href":"https:\/\/api.w.org\/{rel}","templated":true}]}}