{"id":94,"date":"2020-10-26T10:41:45","date_gmt":"2020-10-26T10:41:45","guid":{"rendered":"https:\/\/cecip.org.br\/narrativasdepaz\/?p=94"},"modified":"2022-04-19T00:27:27","modified_gmt":"2022-04-19T00:27:27","slug":"dia-nacional-dos-agentes-de-saude","status":"publish","type":"post","link":"https:\/\/cecip.org.br\/narrativasdepaz\/2020\/10\/26\/dia-nacional-dos-agentes-de-saude\/","title":{"rendered":"4 de Outubro: Dia Nacional dos Agentes de Sa\u00fade"},"content":{"rendered":"<p>[vc_row][vc_column][vc_single_image media=&#8221;668&#8243; media_width_percent=&#8221;50&#8243;][vc_column_text text_lead=&#8221;yes&#8221;]<\/p>\n<div class=\"\" dir=\"auto\">\n<div id=\"jsc_c_1f3\" class=\"ecm0bbzt hv4rvrfc ihqw7lf3 dati1w0a\" data-ad-comet-preview=\"message\" data-ad-preview=\"message\">\n<div class=\"j83agx80 cbu4d94t ew0dbk1b irj2b8pg\">\n<div class=\"qzhwtbm6 knvmm38d\">\n<div class=\"kvgmc6g5 cxmmr5t8 oygrvhab hcukyx3x c1et5uql ii04i59q\">\n<div dir=\"auto\">Uma homenagem com risos e o reconhecimento da pr\u00f3pria equipe dos Agentes Comunit\u00e1rios de Sa\u00fade de Santa Teresa. Na tarde de segunda, dia 26 de outubro, a equipe de ACS encontrou com a equipe de facilitadoras do projeto Narrativas de Paz, do CECIP, por meio de uma plataforma virtual.<\/div>\n<div dir=\"auto\">Um momento especial para celebrar e criar coletivamente certificados afetivos com as palavras e sentimentos de quem convive diariamente no Posto de Sa\u00fade, eles mesmos. Na ocasi\u00e3o tamb\u00e9m falamos dos pr\u00f3ximos passos e acordos de parceria para o decorrer do projeto.<\/div>\n<div dir=\"auto\"><\/div>\n<\/div>\n<div class=\"o9v6fnle cxmmr5t8 oygrvhab hcukyx3x c1et5uql ii04i59q\">\n<div dir=\"auto\"><\/div>\n<\/div>\n<\/div>\n<\/div>\n<\/div>\n<\/div>\n<p>[\/vc_column_text][\/vc_column][\/vc_row][vc_row][vc_column column_width_percent=&#8221;100&#8243; align_horizontal=&#8221;align_right&#8221; gutter_size=&#8221;3&#8243; overlay_alpha=&#8221;50&#8243; shift_x=&#8221;0&#8243; shift_y=&#8221;0&#8243; shift_y_down=&#8221;0&#8243; z_index=&#8221;0&#8243; medium_width=&#8221;0&#8243; mobile_width=&#8221;0&#8243; width=&#8221;1\/1&#8243;][vc_button button_color=&#8221;color-532360&#8243; border_width=&#8221;0&#8243; link=&#8221;url:https%3A%2F%2Fcecip.org.br%2Fnarrativasdepaz%2F2020%2F10%2F24%2Ffestival-internacional-de-cinema-de-arquivo%2F|title:Participa%C3%A7%C3%A3o%20no%20Festival%20Internacional%20de%20Cinema%20de%20Arquivo&#8221;]Pr\u00f3xima not\u00edcia[\/vc_button][\/vc_column][\/vc_row]<\/p>\n","protected":false},"excerpt":{"rendered":"<p>[vc_row][vc_column][vc_single_image media=&#8221;668&#8243; media_width_percent=&#8221;50&#8243;][vc_column_text text_lead=&#8221;yes&#8221;] Uma homenagem com risos e o reconhecimento da pr\u00f3pria equipe dos Agentes Comunit\u00e1rios de Sa\u00fade de [&hellip;]<\/p>\n","protected":false},"author":1,"featured_media":668,"comment_status":"open","ping_status":"open","sticky":false,"template":"","format":"standard","meta":[],"categories":[2],"tags":[],"_links":{"self":[{"href":"https:\/\/cecip.org.br\/narrativasdepaz\/wp-json\/wp\/v2\/posts\/94"}],"collection":[{"href":"https:\/\/cecip.org.br\/narrativasdepaz\/wp-json\/wp\/v2\/posts"}],"about":[{"href":"https:\/\/cecip.org.br\/narrativasdepaz\/wp-json\/wp\/v2\/types\/post"}],"author":[{"embeddable":true,"href":"https:\/\/cecip.org.br\/narrativasdepaz\/wp-json\/wp\/v2\/users\/1"}],"replies":[{"embeddable":true,"href":"https:\/\/cecip.org.br\/narrativasdepaz\/wp-json\/wp\/v2\/comments?post=94"}],"version-history":[{"count":16,"href":"https:\/\/cecip.org.br\/narrativasdepaz\/wp-json\/wp\/v2\/posts\/94\/revisions"}],"predecessor-version":[{"id":1260,"href":"https:\/\/cecip.org.br\/narrativasdepaz\/wp-json\/wp\/v2\/posts\/94\/revisions\/1260"}],"wp:featuredmedia":[{"embeddable":true,"href":"https:\/\/cecip.org.br\/narrativasdepaz\/wp-json\/wp\/v2\/media\/668"}],"wp:attachment":[{"href":"https:\/\/cecip.org.br\/narrativasdepaz\/wp-json\/wp\/v2\/media?parent=94"}],"wp:term":[{"taxonomy":"category","embeddable":true,"href":"https:\/\/cecip.org.br\/narrativasdepaz\/wp-json\/wp\/v2\/categories?post=94"},{"taxonomy":"post_tag","embeddable":true,"href":"https:\/\/cecip.org.br\/narrativasdepaz\/wp-json\/wp\/v2\/tags?post=94"}],"curies":[{"name":"wp","href":"https:\/\/api.w.org\/{rel}","templated":true}]}}