{"id":950,"date":"2021-07-01T16:57:24","date_gmt":"2021-07-01T16:57:24","guid":{"rendered":"https:\/\/cecip.org.br\/narrativasdepaz\/?p=950"},"modified":"2022-04-19T01:03:50","modified_gmt":"2022-04-19T01:03:50","slug":"live-de-lancamento-no-balaio-de-livros","status":"publish","type":"post","link":"https:\/\/cecip.org.br\/narrativasdepaz\/2021\/07\/01\/live-de-lancamento-no-balaio-de-livros\/","title":{"rendered":"Live de lan\u00e7amento no Balaio de Livros"},"content":{"rendered":"<p>[vc_row][vc_column width=&#8221;1\/1&#8243;][vc_single_image media=&#8221;951&#8243; media_width_percent=&#8221;65&#8243;][vc_column_text text_lead=&#8221;yes&#8221;]<\/p>\n<div dir=\"auto\">\n<p class=\"p1\">Em junho de 2021, o Balaio de Livros, projeto irm\u00e3o do Narrativas de Paz, lan\u00e7ou sua publica\u00e7\u00e3o <em>Compartilhando Experi\u00eancias: Balaio de Livros &#8211; Literatura e Educa\u00e7\u00e3o Infantil<\/em>, e o v\u00eddeo <em>Balaio de Livros &#8211; Experi\u00eancias Liter\u00e1rias na Rocinha<\/em>, que contam as experi\u00eancias de forma\u00e7\u00e3o em leitura liter\u00e1ria em institui\u00e7\u00f5es de educa\u00e7\u00e3o infantil no \u00e2mbito do projeto Balaio de Livros, realizado pelo CECIP &#8211; Centro de Cria\u00e7\u00e3o de Imagem Popular.<\/p>\n<\/div>\n<p>[\/vc_column_text][vc_button button_color=&#8221;color-208561&#8243; border_width=&#8221;0&#8243; link=&#8221;url:https%3A%2F%2Fyoutu.be%2FV3cFOlv2WiY|target:_blank&#8221;]Assista a grava\u00e7\u00e3o da live[\/vc_button][vc_button button_color=&#8221;color-208561&#8243; border_width=&#8221;0&#8243; link=&#8221;url:https%3A%2F%2Fyoutu.be%2FZfaKBVhYoXE|target:_blank&#8221;]Assista o v\u00eddeo Balaio de Livros &#8211; Experi\u00eancias Liter\u00e1rias na Rocinha[\/vc_button][vc_button button_color=&#8221;color-208561&#8243; border_width=&#8221;0&#8243; link=&#8221;url:https%3A%2F%2Fdrive.google.com%2Ffile%2Fd%2F1Zx8LPed7XWFwWSkgb9niWcMH9J20wugp%2Fview|target:_blank&#8221;]Acesse a publica\u00e7\u00e3o do Balaio on-line[\/vc_button][\/vc_column][\/vc_row][vc_row][vc_column column_width_percent=&#8221;100&#8243; align_horizontal=&#8221;align_right&#8221; gutter_size=&#8221;3&#8243; overlay_alpha=&#8221;50&#8243; shift_x=&#8221;0&#8243; shift_y=&#8221;0&#8243; shift_y_down=&#8221;0&#8243; z_index=&#8221;0&#8243; medium_width=&#8221;0&#8243; mobile_width=&#8221;0&#8243; width=&#8221;1\/1&#8243;][vc_button button_color=&#8221;color-532360&#8243; border_width=&#8221;0&#8243; link=&#8221;url:https%3A%2F%2Fcecip.org.br%2Fnarrativasdepaz%2F2021%2F05%2F07%2Fcelebracao-do-dia-das-maes%2F|title:Celebra%C3%A7%C3%A3o%20do%20Dia%20das%20M%C3%A3es&#8221;]Pr\u00f3xima not\u00edcia[\/vc_button][\/vc_column][\/vc_row]<\/p>\n","protected":false},"excerpt":{"rendered":"<p>[vc_row][vc_column width=&#8221;1\/1&#8243;][vc_single_image media=&#8221;951&#8243; media_width_percent=&#8221;65&#8243;][vc_column_text text_lead=&#8221;yes&#8221;] Em junho de 2021, o Balaio de Livros, projeto irm\u00e3o do Narrativas de Paz, lan\u00e7ou [&hellip;]<\/p>\n","protected":false},"author":1,"featured_media":951,"comment_status":"closed","ping_status":"closed","sticky":false,"template":"","format":"standard","meta":[],"categories":[2],"tags":[],"_links":{"self":[{"href":"https:\/\/cecip.org.br\/narrativasdepaz\/wp-json\/wp\/v2\/posts\/950"}],"collection":[{"href":"https:\/\/cecip.org.br\/narrativasdepaz\/wp-json\/wp\/v2\/posts"}],"about":[{"href":"https:\/\/cecip.org.br\/narrativasdepaz\/wp-json\/wp\/v2\/types\/post"}],"author":[{"embeddable":true,"href":"https:\/\/cecip.org.br\/narrativasdepaz\/wp-json\/wp\/v2\/users\/1"}],"replies":[{"embeddable":true,"href":"https:\/\/cecip.org.br\/narrativasdepaz\/wp-json\/wp\/v2\/comments?post=950"}],"version-history":[{"count":8,"href":"https:\/\/cecip.org.br\/narrativasdepaz\/wp-json\/wp\/v2\/posts\/950\/revisions"}],"predecessor-version":[{"id":1275,"href":"https:\/\/cecip.org.br\/narrativasdepaz\/wp-json\/wp\/v2\/posts\/950\/revisions\/1275"}],"wp:featuredmedia":[{"embeddable":true,"href":"https:\/\/cecip.org.br\/narrativasdepaz\/wp-json\/wp\/v2\/media\/951"}],"wp:attachment":[{"href":"https:\/\/cecip.org.br\/narrativasdepaz\/wp-json\/wp\/v2\/media?parent=950"}],"wp:term":[{"taxonomy":"category","embeddable":true,"href":"https:\/\/cecip.org.br\/narrativasdepaz\/wp-json\/wp\/v2\/categories?post=950"},{"taxonomy":"post_tag","embeddable":true,"href":"https:\/\/cecip.org.br\/narrativasdepaz\/wp-json\/wp\/v2\/tags?post=950"}],"curies":[{"name":"wp","href":"https:\/\/api.w.org\/{rel}","templated":true}]}}