{"id":957,"date":"2021-07-01T18:41:29","date_gmt":"2021-07-01T18:41:29","guid":{"rendered":"https:\/\/cecip.org.br\/narrativasdepaz\/?p=957"},"modified":"2022-04-19T01:03:21","modified_gmt":"2022-04-19T01:03:21","slug":"compartilhando-a-noticia-do-instituto-trilho","status":"publish","type":"post","link":"https:\/\/cecip.org.br\/narrativasdepaz\/2021\/07\/01\/compartilhando-a-noticia-do-instituto-trilho\/","title":{"rendered":"Compartilhando a not\u00edcia do Instituto Trilho"},"content":{"rendered":"<p>[vc_row][vc_column column_width_percent=&#8221;100&#8243; gutter_size=&#8221;3&#8243; overlay_alpha=&#8221;50&#8243; shift_x=&#8221;0&#8243; shift_y=&#8221;0&#8243; shift_y_down=&#8221;0&#8243; z_index=&#8221;0&#8243; medium_width=&#8221;0&#8243; mobile_width=&#8221;0&#8243; width=&#8221;1\/1&#8243;][vc_single_image media=&#8221;958&#8243; media_width_percent=&#8221;65&#8243;][vc_column_text text_lead=&#8221;yes&#8221;]<\/p>\n<div dir=\"auto\">\n<p class=\"p1\"><a href=\"https:\/\/www.instagram.com\/p\/CQwOyXbNVuk\/?utm_medium=copy_link\" target=\"_blank\" rel=\"noopener noreferrer\">@institutotrilho<\/a> &#8211; 30.06.21<br \/>\nO projeto Narrativas de Paz do CECIP participou mais uma vez do encontro de forma\u00e7\u00e3o da equipe da Pr\u00e9-Escola Cantinho Feliz e levou din\u00e2mica e desafios para pensar na rela\u00e7\u00e3o entre as viol\u00eancias e a resolu\u00e7\u00e3o de conflito.<br \/>\nCom base em metodologias desenvolvidas pelo CECIP de manejo de conflitos, o projeto Narrativas de Paz tem como objetivo exercitar a cultra da paz com as fam\u00edlias das crian\u00e7as matriculadas em nossa Escola.<br \/>\n\u201cA exposi\u00e7\u00e3o \u00e0 viol\u00eancia tem impactos devastadores para todos, especialmente para as crian\u00e7as na primeira inf\u00e2ncia, podendo comprometer o seu desenvolvimento f\u00edsico, emocional e cognitivo por toda a sua vida. As crian\u00e7as t\u00eam direito de crescer num ambiente saud\u00e1vel e seguro, com rela\u00e7\u00f5es permeadas pela paz\u201d, ensina o CECIP.<\/p>\n<p><a href=\"https:\/\/web.facebook.com\/institutotrilho\/\" target=\"_blank\" rel=\"noopener noreferrer\">facebook.com\/institutotrilho<\/a><\/div>\n<p>[\/vc_column_text][\/vc_column][\/vc_row][vc_row][vc_column column_width_percent=&#8221;100&#8243; align_horizontal=&#8221;align_right&#8221; gutter_size=&#8221;3&#8243; overlay_alpha=&#8221;50&#8243; shift_x=&#8221;0&#8243; shift_y=&#8221;0&#8243; shift_y_down=&#8221;0&#8243; z_index=&#8221;0&#8243; medium_width=&#8221;0&#8243; mobile_width=&#8221;0&#8243; width=&#8221;1\/1&#8243;][vc_button button_color=&#8221;color-532360&#8243; border_width=&#8221;0&#8243; link=&#8221;url:https%3A%2F%2Fcecip.org.br%2Fnarrativasdepaz%2F2021%2F07%2F01%2Flive-de-lancamento-no-balaio-de-livros%2F|title:Live%20de%20lan%C3%A7amento%20no%20Balaio%20de%20Livros&#8221;]Pr\u00f3xima not\u00edcia[\/vc_button][\/vc_column][\/vc_row][vc_row][vc_column width=&#8221;1\/1&#8243;][\/vc_column][\/vc_row]<\/p>\n","protected":false},"excerpt":{"rendered":"<p>[vc_row][vc_column column_width_percent=&#8221;100&#8243; gutter_size=&#8221;3&#8243; overlay_alpha=&#8221;50&#8243; shift_x=&#8221;0&#8243; shift_y=&#8221;0&#8243; shift_y_down=&#8221;0&#8243; z_index=&#8221;0&#8243; medium_width=&#8221;0&#8243; mobile_width=&#8221;0&#8243; width=&#8221;1\/1&#8243;][vc_single_image media=&#8221;958&#8243; media_width_percent=&#8221;65&#8243;][vc_column_text text_lead=&#8221;yes&#8221;] @institutotrilho &#8211; 30.06.21 O projeto Narrativas [&hellip;]<\/p>\n","protected":false},"author":1,"featured_media":958,"comment_status":"closed","ping_status":"closed","sticky":false,"template":"","format":"standard","meta":[],"categories":[2],"tags":[],"_links":{"self":[{"href":"https:\/\/cecip.org.br\/narrativasdepaz\/wp-json\/wp\/v2\/posts\/957"}],"collection":[{"href":"https:\/\/cecip.org.br\/narrativasdepaz\/wp-json\/wp\/v2\/posts"}],"about":[{"href":"https:\/\/cecip.org.br\/narrativasdepaz\/wp-json\/wp\/v2\/types\/post"}],"author":[{"embeddable":true,"href":"https:\/\/cecip.org.br\/narrativasdepaz\/wp-json\/wp\/v2\/users\/1"}],"replies":[{"embeddable":true,"href":"https:\/\/cecip.org.br\/narrativasdepaz\/wp-json\/wp\/v2\/comments?post=957"}],"version-history":[{"count":6,"href":"https:\/\/cecip.org.br\/narrativasdepaz\/wp-json\/wp\/v2\/posts\/957\/revisions"}],"predecessor-version":[{"id":1274,"href":"https:\/\/cecip.org.br\/narrativasdepaz\/wp-json\/wp\/v2\/posts\/957\/revisions\/1274"}],"wp:featuredmedia":[{"embeddable":true,"href":"https:\/\/cecip.org.br\/narrativasdepaz\/wp-json\/wp\/v2\/media\/958"}],"wp:attachment":[{"href":"https:\/\/cecip.org.br\/narrativasdepaz\/wp-json\/wp\/v2\/media?parent=957"}],"wp:term":[{"taxonomy":"category","embeddable":true,"href":"https:\/\/cecip.org.br\/narrativasdepaz\/wp-json\/wp\/v2\/categories?post=957"},{"taxonomy":"post_tag","embeddable":true,"href":"https:\/\/cecip.org.br\/narrativasdepaz\/wp-json\/wp\/v2\/tags?post=957"}],"curies":[{"name":"wp","href":"https:\/\/api.w.org\/{rel}","templated":true}]}}