{"id":982,"date":"2021-08-20T19:26:07","date_gmt":"2021-08-20T19:26:07","guid":{"rendered":"https:\/\/cecip.org.br\/narrativasdepaz\/?p=982"},"modified":"2022-04-18T21:23:02","modified_gmt":"2022-04-18T21:23:02","slug":"mudando-as-narrativas-da-pandemia","status":"publish","type":"post","link":"https:\/\/cecip.org.br\/narrativasdepaz\/2021\/08\/20\/mudando-as-narrativas-da-pandemia\/","title":{"rendered":"Mudando as narrativas da pandemia"},"content":{"rendered":"<p>[vc_row][vc_column column_width_percent=&#8221;100&#8243; gutter_size=&#8221;3&#8243; overlay_alpha=&#8221;50&#8243; shift_x=&#8221;0&#8243; shift_y=&#8221;0&#8243; shift_y_down=&#8221;0&#8243; z_index=&#8221;0&#8243; medium_width=&#8221;0&#8243; mobile_width=&#8221;0&#8243; width=&#8221;1\/1&#8243;][vc_single_image media=&#8221;978&#8243; media_width_percent=&#8221;50&#8243;][vc_column_text text_lead=&#8221;yes&#8221;]<\/p>\n<div dir=\"auto\">\n<div dir=\"auto\">O projeto\u00a0<strong>Narrativas de Paz<\/strong> e o <strong>EDI Helo\u00edsa Marinho<\/strong>\u00a0seguem buscando formas de estarem juntos remotamente e mudar as narrativas da pandemia. Com os desafios de n\u00e3o conseguir ter encontros s\u00edncronos com a toda a equipe, no m\u00eas de julho, educadoras e educador abra\u00e7aram a proposta de durante o conselho de classe escolherem livros infantis da biblioteca da escola que tivessem algo que chamasse a aten\u00e7\u00e3o.<br \/>\nDepois de escolhido o livro, cada um da equipe adaptou a fala de um personagem para uma quest\u00e3o do cotidiano na pandemia. Foram falas de crian\u00e7as, animais e outros personagens que voc\u00ea pode conferir no v\u00eddeo da Tatiana que escolheu o livro \u201cUm tanto perdida\u201d e a emocionante hist\u00f3ria \u201cSinto que eu sinto\u201d do L\u00e1zaro Ramos, adaptado pela Yasmine.<\/div>\n<\/div>\n<p>[\/vc_column_text][vc_button button_color=&#8221;color-208561&#8243; border_width=&#8221;0&#8243; link=&#8221;url:https%3A%2F%2Ffb.watch%2F7vNG6cDXGM%2F|target:_blank&#8221;]Veja o v\u00eddeo gravado por elas[\/vc_button][\/vc_column][\/vc_row][vc_row][vc_column column_width_percent=&#8221;100&#8243; align_horizontal=&#8221;align_right&#8221; gutter_size=&#8221;3&#8243; overlay_alpha=&#8221;50&#8243; shift_x=&#8221;0&#8243; shift_y=&#8221;0&#8243; shift_y_down=&#8221;0&#8243; z_index=&#8221;0&#8243; medium_width=&#8221;0&#8243; mobile_width=&#8221;0&#8243; width=&#8221;1\/1&#8243;][vc_button button_color=&#8221;color-532360&#8243; border_width=&#8221;0&#8243; link=&#8221;url:https%3A%2F%2Fcecip.org.br%2Fnarrativasdepaz%2F2021%2F07%2F01%2Fcompartilhando-a-noticia-do-instituto-trilho%2F|title:Compartilhando%20a%20not%C3%ADcia%20do%20Instituto%20Trilho&#8221;]Pr\u00f3xima not\u00edcia[\/vc_button][\/vc_column][\/vc_row]<\/p>\n","protected":false},"excerpt":{"rendered":"<p>[vc_row][vc_column column_width_percent=&#8221;100&#8243; gutter_size=&#8221;3&#8243; overlay_alpha=&#8221;50&#8243; shift_x=&#8221;0&#8243; shift_y=&#8221;0&#8243; shift_y_down=&#8221;0&#8243; z_index=&#8221;0&#8243; medium_width=&#8221;0&#8243; mobile_width=&#8221;0&#8243; width=&#8221;1\/1&#8243;][vc_single_image media=&#8221;978&#8243; media_width_percent=&#8221;50&#8243;][vc_column_text text_lead=&#8221;yes&#8221;] O projeto\u00a0Narrativas de Paz e o [&hellip;]<\/p>\n","protected":false},"author":1,"featured_media":978,"comment_status":"closed","ping_status":"closed","sticky":false,"template":"","format":"standard","meta":[],"categories":[2],"tags":[],"_links":{"self":[{"href":"https:\/\/cecip.org.br\/narrativasdepaz\/wp-json\/wp\/v2\/posts\/982"}],"collection":[{"href":"https:\/\/cecip.org.br\/narrativasdepaz\/wp-json\/wp\/v2\/posts"}],"about":[{"href":"https:\/\/cecip.org.br\/narrativasdepaz\/wp-json\/wp\/v2\/types\/post"}],"author":[{"embeddable":true,"href":"https:\/\/cecip.org.br\/narrativasdepaz\/wp-json\/wp\/v2\/users\/1"}],"replies":[{"embeddable":true,"href":"https:\/\/cecip.org.br\/narrativasdepaz\/wp-json\/wp\/v2\/comments?post=982"}],"version-history":[{"count":10,"href":"https:\/\/cecip.org.br\/narrativasdepaz\/wp-json\/wp\/v2\/posts\/982\/revisions"}],"predecessor-version":[{"id":1247,"href":"https:\/\/cecip.org.br\/narrativasdepaz\/wp-json\/wp\/v2\/posts\/982\/revisions\/1247"}],"wp:featuredmedia":[{"embeddable":true,"href":"https:\/\/cecip.org.br\/narrativasdepaz\/wp-json\/wp\/v2\/media\/978"}],"wp:attachment":[{"href":"https:\/\/cecip.org.br\/narrativasdepaz\/wp-json\/wp\/v2\/media?parent=982"}],"wp:term":[{"taxonomy":"category","embeddable":true,"href":"https:\/\/cecip.org.br\/narrativasdepaz\/wp-json\/wp\/v2\/categories?post=982"},{"taxonomy":"post_tag","embeddable":true,"href":"https:\/\/cecip.org.br\/narrativasdepaz\/wp-json\/wp\/v2\/tags?post=982"}],"curies":[{"name":"wp","href":"https:\/\/api.w.org\/{rel}","templated":true}]}}